{"id":1506,"date":"2026-03-23T20:40:16","date_gmt":"2026-03-23T19:40:16","guid":{"rendered":"https:\/\/prometna.net\/dijaski-dom\/?p=1506"},"modified":"2026-03-23T20:40:16","modified_gmt":"2026-03-23T19:40:16","slug":"odbojka","status":"publish","type":"post","link":"https:\/\/prometna.net\/dijaski-dom\/aktualni-dogodki\/odbojka\/","title":{"rendered":"Odbojka"},"content":{"rendered":"<p><span data-olk-copy-source=\"MessageBody\">Z dijaki Dija\u0161kega doma Prometne \u0161ole Maribor, smo se v sredo udele\u017eili regijskega tekmovanja v odbojki. Kljub temu, da se nismo povzpeli na stopni\u010dke, so se fantje na tekmi hrabro borili in dali vse od sebe.<\/span><\/p>\n<!--[if lt IE 9]><script>document.createElement('video');<\/script><![endif]-->\n\t<div class=\"wp-playlist wp-video-playlist wp-playlist-light\">\n\t\t<video controls=\"controls\" preload=\"none\" width=\"640\"\n\t\t height=\"360\"\t><\/video>\n\t<div class=\"wp-playlist-next\"><\/div>\n\t<div class=\"wp-playlist-prev\"><\/div>\n\t<noscript>\n\t<ol>\n\t\t<li><a href='https:\/\/prometna.net\/dijaski-dom\/wp-content\/uploads\/sites\/4\/2026\/03\/1000016905.mp4'>Prometna!!!<\/a><\/li>\t<\/ol>\n\t<\/noscript>\n\t<script type=\"application\/json\" class=\"wp-playlist-script\">{\"type\":\"video\",\"tracklist\":true,\"tracknumbers\":true,\"images\":true,\"artists\":true,\"tracks\":[{\"src\":\"https:\\\/\\\/prometna.net\\\/dijaski-dom\\\/wp-content\\\/uploads\\\/sites\\\/4\\\/2026\\\/03\\\/1000016905.mp4\",\"type\":\"video\\\/mp4\",\"title\":\"Prometna!!!\",\"caption\":\"\",\"description\":\"\",\"meta\":{\"length_formatted\":\"0:04\"},\"dimensions\":{\"original\":{\"width\":1920,\"height\":1080},\"resized\":{\"width\":640,\"height\":360}},\"image\":{\"src\":\"https:\\\/\\\/prometna.net\\\/dijaski-dom\\\/wp-includes\\\/images\\\/media\\\/video.png\",\"width\":48,\"height\":64},\"thumb\":{\"src\":\"https:\\\/\\\/prometna.net\\\/dijaski-dom\\\/wp-includes\\\/images\\\/media\\\/video.png\",\"width\":48,\"height\":64}}]}<\/script>\n<\/div>\n\t\n","protected":false},"excerpt":{"rendered":"<p>Z dijaki Dija\u0161kega doma Prometne \u0161ole Maribor, smo se v sredo udele\u017eili regijskega tekmovanja v odbojki. Kljub temu, da se [&hellip;]<\/p>\n","protected":false},"author":691,"featured_media":1508,"comment_status":"closed","ping_status":"open","sticky":false,"template":"","format":"standard","meta":[],"categories":[8,36],"tags":[],"aioseo_notices":[],"_links":{"self":[{"href":"https:\/\/prometna.net\/dijaski-dom\/wp-json\/wp\/v2\/posts\/1506"}],"collection":[{"href":"https:\/\/prometna.net\/dijaski-dom\/wp-json\/wp\/v2\/posts"}],"about":[{"href":"https:\/\/prometna.net\/dijaski-dom\/wp-json\/wp\/v2\/types\/post"}],"author":[{"embeddable":true,"href":"https:\/\/prometna.net\/dijaski-dom\/wp-json\/wp\/v2\/users\/691"}],"replies":[{"embeddable":true,"href":"https:\/\/prometna.net\/dijaski-dom\/wp-json\/wp\/v2\/comments?post=1506"}],"version-history":[{"count":1,"href":"https:\/\/prometna.net\/dijaski-dom\/wp-json\/wp\/v2\/posts\/1506\/revisions"}],"predecessor-version":[{"id":1509,"href":"https:\/\/prometna.net\/dijaski-dom\/wp-json\/wp\/v2\/posts\/1506\/revisions\/1509"}],"wp:featuredmedia":[{"embeddable":true,"href":"https:\/\/prometna.net\/dijaski-dom\/wp-json\/wp\/v2\/media\/1508"}],"wp:attachment":[{"href":"https:\/\/prometna.net\/dijaski-dom\/wp-json\/wp\/v2\/media?parent=1506"}],"wp:term":[{"taxonomy":"category","embeddable":true,"href":"https:\/\/prometna.net\/dijaski-dom\/wp-json\/wp\/v2\/categories?post=1506"},{"taxonomy":"post_tag","embeddable":true,"href":"https:\/\/prometna.net\/dijaski-dom\/wp-json\/wp\/v2\/tags?post=1506"}],"curies":[{"name":"wp","href":"https:\/\/api.w.org\/{rel}","templated":true}]}}