{"id":1626,"date":"2026-08-27T08:16:14","date_gmt":"2026-08-27T06:16:14","guid":{"rendered":"https:\/\/prometna.net\/dijaski-dom\/?p=1626"},"modified":"2026-08-27T08:16:14","modified_gmt":"2026-08-27T06:16:14","slug":"obvestilo-o-vselitvi-v-dijaski-dom-3","status":"publish","type":"post","link":"https:\/\/prometna.net\/dijaski-dom\/aktualni-dogodki\/obvestilo-o-vselitvi-v-dijaski-dom-3\/","title":{"rendered":"Obvestilo o vselitvi v dija\u0161ki dom"},"content":{"rendered":"<p>Spo\u0161tovani dijaki in star\u0161i,<\/p>\n<div>\n<p>obve\u0161\u010damo vas, da bo vselitev v Dija\u0161ki dom Prometne \u0161ole Maribor potekala v <strong>ponedeljek, 31. avgusta 2026, od 17.00 dalje<\/strong>.<\/p>\n<p>O vseh nadaljnjih podrobnostih glede prihoda, namestitve in organizacije bivanja vas bodo pravo\u010dasno obvestili vzgojitelji dija\u0161kega doma.<\/p>\n<p>\u017delimo vam prijeten zaklju\u010dek poletnih po\u010ditnic ter uspe\u0161en za\u010detek novega \u0161olskega leta!<\/p>\n<p><strong>Dija\u0161ki dom Prometne \u0161ole Maribor<\/strong><\/p>\n<\/div>\n","protected":false},"excerpt":{"rendered":"<p>Spo\u0161tovani dijaki in star\u0161i, obve\u0161\u010damo vas, da bo vselitev v Dija\u0161ki dom Prometne \u0161ole Maribor potekala v ponedeljek, 31. avgusta [&hellip;]<\/p>\n","protected":false},"author":691,"featured_media":1627,"comment_status":"closed","ping_status":"open","sticky":false,"template":"","format":"standard","meta":[],"categories":[8],"tags":[],"acf":[],"aioseo_notices":[],"aioseo_head":"\n\t\t<!-- All in One SEO 4.9.9 - aioseo.com -->\n\t<meta name=\"description\" content=\"Spo\u0161tovani dijaki in star\u0161i, obve\u0161\u010damo vas, da bo vselitev v Dija\u0161ki dom Prometne \u0161ole Maribor potekala v ponedeljek, 31. avgusta 2026, od 17.00 dalje. O vseh nadaljnjih podrobnostih glede prihoda, namestitve in organizacije bivanja vas bodo pravo\u010dasno obvestili vzgojitelji dija\u0161kega doma. \u017delimo vam prijeten zaklju\u010dek poletnih po\u010ditnic ter uspe\u0161en za\u010detek novega \u0161olskega leta! Dija\u0161ki dom\" \/>\n\t<meta name=\"robots\" content=\"max-image-preview:large\" \/>\n\t<meta name=\"author\" content=\"Izidor Mandl\"\/>\n\t<link rel=\"canonical\" href=\"https:\/\/prometna.net\/dijaski-dom\/aktualni-dogodki\/obvestilo-o-vselitvi-v-dijaski-dom-3\/\" \/>\n\t<meta name=\"generator\" content=\"All in One SEO (AIOSEO) 4.9.9\" \/>\n\t\t<meta property=\"og:locale\" content=\"sl_SI\" \/>\n\t\t<meta property=\"og:site_name\" content=\"Dija\u0161ki dom - Prometna \u0161ola Maribor - Udobnost, bli\u017eina in pomo\u010d.\" \/>\n\t\t<meta property=\"og:type\" content=\"article\" \/>\n\t\t<meta property=\"og:title\" content=\"Obvestilo o vselitvi v dija\u0161ki dom - Dija\u0161ki dom - Prometna \u0161ola Maribor\" \/>\n\t\t<meta property=\"og:description\" content=\"Spo\u0161tovani dijaki in star\u0161i, obve\u0161\u010damo vas, da bo vselitev v Dija\u0161ki dom Prometne \u0161ole Maribor potekala v ponedeljek, 31. avgusta 2026, od 17.00 dalje. O vseh nadaljnjih podrobnostih glede prihoda, namestitve in organizacije bivanja vas bodo pravo\u010dasno obvestili vzgojitelji dija\u0161kega doma. \u017delimo vam prijeten zaklju\u010dek poletnih po\u010ditnic ter uspe\u0161en za\u010detek novega \u0161olskega leta! Dija\u0161ki dom\" \/>\n\t\t<meta property=\"og:url\" content=\"https:\/\/prometna.net\/dijaski-dom\/aktualni-dogodki\/obvestilo-o-vselitvi-v-dijaski-dom-3\/\" \/>\n\t\t<meta property=\"article:published_time\" content=\"2026-08-27T06:16:14+00:00\" \/>\n\t\t<meta property=\"article:modified_time\" content=\"2026-08-27T06:16:14+00:00\" \/>\n\t\t<meta name=\"twitter:card\" content=\"summary_large_image\" \/>\n\t\t<meta name=\"twitter:title\" content=\"Obvestilo o vselitvi v dija\u0161ki dom - Dija\u0161ki dom - Prometna \u0161ola Maribor\" \/>\n\t\t<meta name=\"twitter:description\" content=\"Spo\u0161tovani dijaki in star\u0161i, obve\u0161\u010damo vas, da bo vselitev v Dija\u0161ki dom Prometne \u0161ole Maribor potekala v ponedeljek, 31. avgusta 2026, od 17.00 dalje. O vseh nadaljnjih podrobnostih glede prihoda, namestitve in organizacije bivanja vas bodo pravo\u010dasno obvestili vzgojitelji dija\u0161kega doma. \u017delimo vam prijeten zaklju\u010dek poletnih po\u010ditnic ter uspe\u0161en za\u010detek novega \u0161olskega leta! Dija\u0161ki dom\" \/>\n\t\t<script type=\"application\/ld+json\" class=\"aioseo-schema\">\n\t\t\t{\"@context\":\"https:\\\/\\\/schema.org\",\"@graph\":[{\"@type\":\"BlogPosting\",\"@id\":\"https:\\\/\\\/prometna.net\\\/dijaski-dom\\\/aktualni-dogodki\\\/obvestilo-o-vselitvi-v-dijaski-dom-3\\\/#blogposting\",\"name\":\"Obvestilo o vselitvi v dija\\u0161ki dom - Dija\\u0161ki dom - Prometna \\u0161ola Maribor\",\"headline\":\"Obvestilo o vselitvi v dija\\u0161ki dom\",\"author\":{\"@id\":\"https:\\\/\\\/prometna.net\\\/dijaski-dom\\\/author\\\/izidor\\\/#author\"},\"publisher\":{\"@id\":\"https:\\\/\\\/prometna.net\\\/dijaski-dom\\\/#organization\"},\"image\":{\"@type\":\"ImageObject\",\"url\":\"https:\\\/\\\/prometna.net\\\/dijaski-dom\\\/wp-content\\\/uploads\\\/sites\\\/4\\\/2026\\\/08\\\/dijaskidom.jpg\",\"width\":974,\"height\":648},\"datePublished\":\"2026-08-27T08:16:14+02:00\",\"dateModified\":\"2026-08-27T08:16:14+02:00\",\"inLanguage\":\"sl-SI\",\"mainEntityOfPage\":{\"@id\":\"https:\\\/\\\/prometna.net\\\/dijaski-dom\\\/aktualni-dogodki\\\/obvestilo-o-vselitvi-v-dijaski-dom-3\\\/#webpage\"},\"isPartOf\":{\"@id\":\"https:\\\/\\\/prometna.net\\\/dijaski-dom\\\/aktualni-dogodki\\\/obvestilo-o-vselitvi-v-dijaski-dom-3\\\/#webpage\"},\"articleSection\":\"Aktualni dogodki, Sloven\\u0161\\u010dina\"},{\"@type\":\"BreadcrumbList\",\"@id\":\"https:\\\/\\\/prometna.net\\\/dijaski-dom\\\/aktualni-dogodki\\\/obvestilo-o-vselitvi-v-dijaski-dom-3\\\/#breadcrumblist\",\"itemListElement\":[{\"@type\":\"ListItem\",\"@id\":\"https:\\\/\\\/prometna.net\\\/dijaski-dom#listItem\",\"position\":1,\"name\":\"Home\",\"item\":\"https:\\\/\\\/prometna.net\\\/dijaski-dom\",\"nextItem\":{\"@type\":\"ListItem\",\"@id\":\"https:\\\/\\\/prometna.net\\\/dijaski-dom\\\/aktualni-dogodki\\\/#listItem\",\"name\":\"Aktualni dogodki\"}},{\"@type\":\"ListItem\",\"@id\":\"https:\\\/\\\/prometna.net\\\/dijaski-dom\\\/aktualni-dogodki\\\/#listItem\",\"position\":2,\"name\":\"Aktualni dogodki\",\"item\":\"https:\\\/\\\/prometna.net\\\/dijaski-dom\\\/aktualni-dogodki\\\/\",\"nextItem\":{\"@type\":\"ListItem\",\"@id\":\"https:\\\/\\\/prometna.net\\\/dijaski-dom\\\/aktualni-dogodki\\\/obvestilo-o-vselitvi-v-dijaski-dom-3\\\/#listItem\",\"name\":\"Obvestilo o vselitvi v dija\\u0161ki dom\"},\"previousItem\":{\"@type\":\"ListItem\",\"@id\":\"https:\\\/\\\/prometna.net\\\/dijaski-dom#listItem\",\"name\":\"Home\"}},{\"@type\":\"ListItem\",\"@id\":\"https:\\\/\\\/prometna.net\\\/dijaski-dom\\\/aktualni-dogodki\\\/obvestilo-o-vselitvi-v-dijaski-dom-3\\\/#listItem\",\"position\":3,\"name\":\"Obvestilo o vselitvi v dija\\u0161ki dom\",\"previousItem\":{\"@type\":\"ListItem\",\"@id\":\"https:\\\/\\\/prometna.net\\\/dijaski-dom\\\/aktualni-dogodki\\\/#listItem\",\"name\":\"Aktualni dogodki\"}}]},{\"@type\":\"Organization\",\"@id\":\"https:\\\/\\\/prometna.net\\\/dijaski-dom\\\/#organization\",\"name\":\"Dija\\u0161ki dom - Prometna \\u0161ola Maribor\",\"description\":\"Udobnost, bli\\u017eina in pomo\\u010d.\",\"url\":\"https:\\\/\\\/prometna.net\\\/dijaski-dom\\\/\"},{\"@type\":\"Person\",\"@id\":\"https:\\\/\\\/prometna.net\\\/dijaski-dom\\\/author\\\/izidor\\\/#author\",\"url\":\"https:\\\/\\\/prometna.net\\\/dijaski-dom\\\/author\\\/izidor\\\/\",\"name\":\"Izidor Mandl\",\"image\":{\"@type\":\"ImageObject\",\"@id\":\"https:\\\/\\\/prometna.net\\\/dijaski-dom\\\/aktualni-dogodki\\\/obvestilo-o-vselitvi-v-dijaski-dom-3\\\/#authorImage\",\"url\":\"https:\\\/\\\/secure.gravatar.com\\\/avatar\\\/32eb08314a816206c2c38970f7abe1af?s=96&d=mm&r=g\",\"width\":96,\"height\":96,\"caption\":\"Izidor Mandl\"}},{\"@type\":\"WebPage\",\"@id\":\"https:\\\/\\\/prometna.net\\\/dijaski-dom\\\/aktualni-dogodki\\\/obvestilo-o-vselitvi-v-dijaski-dom-3\\\/#webpage\",\"url\":\"https:\\\/\\\/prometna.net\\\/dijaski-dom\\\/aktualni-dogodki\\\/obvestilo-o-vselitvi-v-dijaski-dom-3\\\/\",\"name\":\"Obvestilo o vselitvi v dija\\u0161ki dom - Dija\\u0161ki dom - Prometna \\u0161ola Maribor\",\"description\":\"Spo\\u0161tovani dijaki in star\\u0161i, obve\\u0161\\u010damo vas, da bo vselitev v Dija\\u0161ki dom Prometne \\u0161ole Maribor potekala v ponedeljek, 31. avgusta 2026, od 17.00 dalje. O vseh nadaljnjih podrobnostih glede prihoda, namestitve in organizacije bivanja vas bodo pravo\\u010dasno obvestili vzgojitelji dija\\u0161kega doma. \\u017delimo vam prijeten zaklju\\u010dek poletnih po\\u010ditnic ter uspe\\u0161en za\\u010detek novega \\u0161olskega leta! Dija\\u0161ki dom\",\"inLanguage\":\"sl-SI\",\"isPartOf\":{\"@id\":\"https:\\\/\\\/prometna.net\\\/dijaski-dom\\\/#website\"},\"breadcrumb\":{\"@id\":\"https:\\\/\\\/prometna.net\\\/dijaski-dom\\\/aktualni-dogodki\\\/obvestilo-o-vselitvi-v-dijaski-dom-3\\\/#breadcrumblist\"},\"author\":{\"@id\":\"https:\\\/\\\/prometna.net\\\/dijaski-dom\\\/author\\\/izidor\\\/#author\"},\"creator\":{\"@id\":\"https:\\\/\\\/prometna.net\\\/dijaski-dom\\\/author\\\/izidor\\\/#author\"},\"image\":{\"@type\":\"ImageObject\",\"url\":\"https:\\\/\\\/prometna.net\\\/dijaski-dom\\\/wp-content\\\/uploads\\\/sites\\\/4\\\/2026\\\/08\\\/dijaskidom.jpg\",\"@id\":\"https:\\\/\\\/prometna.net\\\/dijaski-dom\\\/aktualni-dogodki\\\/obvestilo-o-vselitvi-v-dijaski-dom-3\\\/#mainImage\",\"width\":974,\"height\":648},\"primaryImageOfPage\":{\"@id\":\"https:\\\/\\\/prometna.net\\\/dijaski-dom\\\/aktualni-dogodki\\\/obvestilo-o-vselitvi-v-dijaski-dom-3\\\/#mainImage\"},\"datePublished\":\"2026-08-27T08:16:14+02:00\",\"dateModified\":\"2026-08-27T08:16:14+02:00\"},{\"@type\":\"WebSite\",\"@id\":\"https:\\\/\\\/prometna.net\\\/dijaski-dom\\\/#website\",\"url\":\"https:\\\/\\\/prometna.net\\\/dijaski-dom\\\/\",\"name\":\"Dija\\u0161ki dom - Prometna \\u0161ola Maribor\",\"description\":\"Udobnost, bli\\u017eina in pomo\\u010d.\",\"inLanguage\":\"sl-SI\",\"publisher\":{\"@id\":\"https:\\\/\\\/prometna.net\\\/dijaski-dom\\\/#organization\"}}]}\n\t\t<\/script>\n\t\t<!-- All in One SEO -->\n\n","aioseo_head_json":{"title":"Obvestilo o vselitvi v dija\u0161ki dom - Dija\u0161ki dom - Prometna \u0161ola Maribor","description":"Spo\u0161tovani dijaki in star\u0161i, obve\u0161\u010damo vas, da bo vselitev v Dija\u0161ki dom Prometne \u0161ole Maribor potekala v ponedeljek, 31. avgusta 2026, od 17.00 dalje. O vseh nadaljnjih podrobnostih glede prihoda, namestitve in organizacije bivanja vas bodo pravo\u010dasno obvestili vzgojitelji dija\u0161kega doma. \u017delimo vam prijeten zaklju\u010dek poletnih po\u010ditnic ter uspe\u0161en za\u010detek novega \u0161olskega leta! Dija\u0161ki dom","canonical_url":"https:\/\/prometna.net\/dijaski-dom\/aktualni-dogodki\/obvestilo-o-vselitvi-v-dijaski-dom-3\/","robots":"max-image-preview:large","keywords":"","webmasterTools":{"miscellaneous":""},"schema":{"@context":"https:\/\/schema.org","@graph":[{"@type":"BlogPosting","@id":"https:\/\/prometna.net\/dijaski-dom\/aktualni-dogodki\/obvestilo-o-vselitvi-v-dijaski-dom-3\/#blogposting","name":"Obvestilo o vselitvi v dija\u0161ki dom - Dija\u0161ki dom - Prometna \u0161ola Maribor","headline":"Obvestilo o vselitvi v dija\u0161ki dom","author":{"@id":"https:\/\/prometna.net\/dijaski-dom\/author\/izidor\/#author"},"publisher":{"@id":"https:\/\/prometna.net\/dijaski-dom\/#organization"},"image":{"@type":"ImageObject","url":"https:\/\/prometna.net\/dijaski-dom\/wp-content\/uploads\/sites\/4\/2026\/08\/dijaskidom.jpg","width":974,"height":648},"datePublished":"2026-08-27T08:16:14+02:00","dateModified":"2026-08-27T08:16:14+02:00","inLanguage":"sl-SI","mainEntityOfPage":{"@id":"https:\/\/prometna.net\/dijaski-dom\/aktualni-dogodki\/obvestilo-o-vselitvi-v-dijaski-dom-3\/#webpage"},"isPartOf":{"@id":"https:\/\/prometna.net\/dijaski-dom\/aktualni-dogodki\/obvestilo-o-vselitvi-v-dijaski-dom-3\/#webpage"},"articleSection":"Aktualni dogodki, Sloven\u0161\u010dina"},{"@type":"BreadcrumbList","@id":"https:\/\/prometna.net\/dijaski-dom\/aktualni-dogodki\/obvestilo-o-vselitvi-v-dijaski-dom-3\/#breadcrumblist","itemListElement":[{"@type":"ListItem","@id":"https:\/\/prometna.net\/dijaski-dom#listItem","position":1,"name":"Home","item":"https:\/\/prometna.net\/dijaski-dom","nextItem":{"@type":"ListItem","@id":"https:\/\/prometna.net\/dijaski-dom\/aktualni-dogodki\/#listItem","name":"Aktualni dogodki"}},{"@type":"ListItem","@id":"https:\/\/prometna.net\/dijaski-dom\/aktualni-dogodki\/#listItem","position":2,"name":"Aktualni dogodki","item":"https:\/\/prometna.net\/dijaski-dom\/aktualni-dogodki\/","nextItem":{"@type":"ListItem","@id":"https:\/\/prometna.net\/dijaski-dom\/aktualni-dogodki\/obvestilo-o-vselitvi-v-dijaski-dom-3\/#listItem","name":"Obvestilo o vselitvi v dija\u0161ki dom"},"previousItem":{"@type":"ListItem","@id":"https:\/\/prometna.net\/dijaski-dom#listItem","name":"Home"}},{"@type":"ListItem","@id":"https:\/\/prometna.net\/dijaski-dom\/aktualni-dogodki\/obvestilo-o-vselitvi-v-dijaski-dom-3\/#listItem","position":3,"name":"Obvestilo o vselitvi v dija\u0161ki dom","previousItem":{"@type":"ListItem","@id":"https:\/\/prometna.net\/dijaski-dom\/aktualni-dogodki\/#listItem","name":"Aktualni dogodki"}}]},{"@type":"Organization","@id":"https:\/\/prometna.net\/dijaski-dom\/#organization","name":"Dija\u0161ki dom - Prometna \u0161ola Maribor","description":"Udobnost, bli\u017eina in pomo\u010d.","url":"https:\/\/prometna.net\/dijaski-dom\/"},{"@type":"Person","@id":"https:\/\/prometna.net\/dijaski-dom\/author\/izidor\/#author","url":"https:\/\/prometna.net\/dijaski-dom\/author\/izidor\/","name":"Izidor Mandl","image":{"@type":"ImageObject","@id":"https:\/\/prometna.net\/dijaski-dom\/aktualni-dogodki\/obvestilo-o-vselitvi-v-dijaski-dom-3\/#authorImage","url":"https:\/\/secure.gravatar.com\/avatar\/32eb08314a816206c2c38970f7abe1af?s=96&d=mm&r=g","width":96,"height":96,"caption":"Izidor Mandl"}},{"@type":"WebPage","@id":"https:\/\/prometna.net\/dijaski-dom\/aktualni-dogodki\/obvestilo-o-vselitvi-v-dijaski-dom-3\/#webpage","url":"https:\/\/prometna.net\/dijaski-dom\/aktualni-dogodki\/obvestilo-o-vselitvi-v-dijaski-dom-3\/","name":"Obvestilo o vselitvi v dija\u0161ki dom - Dija\u0161ki dom - Prometna \u0161ola Maribor","description":"Spo\u0161tovani dijaki in star\u0161i, obve\u0161\u010damo vas, da bo vselitev v Dija\u0161ki dom Prometne \u0161ole Maribor potekala v ponedeljek, 31. avgusta 2026, od 17.00 dalje. O vseh nadaljnjih podrobnostih glede prihoda, namestitve in organizacije bivanja vas bodo pravo\u010dasno obvestili vzgojitelji dija\u0161kega doma. \u017delimo vam prijeten zaklju\u010dek poletnih po\u010ditnic ter uspe\u0161en za\u010detek novega \u0161olskega leta! Dija\u0161ki dom","inLanguage":"sl-SI","isPartOf":{"@id":"https:\/\/prometna.net\/dijaski-dom\/#website"},"breadcrumb":{"@id":"https:\/\/prometna.net\/dijaski-dom\/aktualni-dogodki\/obvestilo-o-vselitvi-v-dijaski-dom-3\/#breadcrumblist"},"author":{"@id":"https:\/\/prometna.net\/dijaski-dom\/author\/izidor\/#author"},"creator":{"@id":"https:\/\/prometna.net\/dijaski-dom\/author\/izidor\/#author"},"image":{"@type":"ImageObject","url":"https:\/\/prometna.net\/dijaski-dom\/wp-content\/uploads\/sites\/4\/2026\/08\/dijaskidom.jpg","@id":"https:\/\/prometna.net\/dijaski-dom\/aktualni-dogodki\/obvestilo-o-vselitvi-v-dijaski-dom-3\/#mainImage","width":974,"height":648},"primaryImageOfPage":{"@id":"https:\/\/prometna.net\/dijaski-dom\/aktualni-dogodki\/obvestilo-o-vselitvi-v-dijaski-dom-3\/#mainImage"},"datePublished":"2026-08-27T08:16:14+02:00","dateModified":"2026-08-27T08:16:14+02:00"},{"@type":"WebSite","@id":"https:\/\/prometna.net\/dijaski-dom\/#website","url":"https:\/\/prometna.net\/dijaski-dom\/","name":"Dija\u0161ki dom - Prometna \u0161ola Maribor","description":"Udobnost, bli\u017eina in pomo\u010d.","inLanguage":"sl-SI","publisher":{"@id":"https:\/\/prometna.net\/dijaski-dom\/#organization"}}]},"og:locale":"sl_SI","og:site_name":"Dija\u0161ki dom - Prometna \u0161ola Maribor - Udobnost, bli\u017eina in pomo\u010d.","og:type":"article","og:title":"Obvestilo o vselitvi v dija\u0161ki dom - Dija\u0161ki dom - Prometna \u0161ola Maribor","og:description":"Spo\u0161tovani dijaki in star\u0161i, obve\u0161\u010damo vas, da bo vselitev v Dija\u0161ki dom Prometne \u0161ole Maribor potekala v ponedeljek, 31. avgusta 2026, od 17.00 dalje. O vseh nadaljnjih podrobnostih glede prihoda, namestitve in organizacije bivanja vas bodo pravo\u010dasno obvestili vzgojitelji dija\u0161kega doma. \u017delimo vam prijeten zaklju\u010dek poletnih po\u010ditnic ter uspe\u0161en za\u010detek novega \u0161olskega leta! Dija\u0161ki dom","og:url":"https:\/\/prometna.net\/dijaski-dom\/aktualni-dogodki\/obvestilo-o-vselitvi-v-dijaski-dom-3\/","article:published_time":"2026-08-27T06:16:14+00:00","article:modified_time":"2026-08-27T06:16:14+00:00","twitter:card":"summary_large_image","twitter:title":"Obvestilo o vselitvi v dija\u0161ki dom - Dija\u0161ki dom - Prometna \u0161ola Maribor","twitter:description":"Spo\u0161tovani dijaki in star\u0161i, obve\u0161\u010damo vas, da bo vselitev v Dija\u0161ki dom Prometne \u0161ole Maribor potekala v ponedeljek, 31. avgusta 2026, od 17.00 dalje. O vseh nadaljnjih podrobnostih glede prihoda, namestitve in organizacije bivanja vas bodo pravo\u010dasno obvestili vzgojitelji dija\u0161kega doma. \u017delimo vam prijeten zaklju\u010dek poletnih po\u010ditnic ter uspe\u0161en za\u010detek novega \u0161olskega leta! Dija\u0161ki dom"},"aioseo_meta_data":{"post_id":"1626","title":null,"description":null,"keywords":null,"keyphrases":{"focus":{"keyphrase":"","score":0,"analysis":{"keyphraseInTitle":{"score":0,"maxScore":9,"error":1}}},"additional":[]},"primary_term":null,"canonical_url":null,"og_title":null,"og_description":null,"og_object_type":"default","og_image_type":"default","og_image_url":null,"og_image_width":null,"og_image_height":null,"og_image_custom_url":null,"og_image_custom_fields":null,"og_video":"","og_custom_url":null,"og_article_section":null,"og_article_tags":null,"twitter_use_og":false,"twitter_card":"default","twitter_image_type":"default","twitter_image_url":null,"twitter_image_custom_url":null,"twitter_image_custom_fields":null,"twitter_title":null,"twitter_description":null,"schema":{"blockGraphs":[],"customGraphs":[],"default":{"data":{"Article":[],"Course":[],"Dataset":[],"FAQPage":[],"Movie":[],"Person":[],"Product":[],"ProductReview":[],"Car":[],"Recipe":[],"Service":[],"SoftwareApplication":[],"WebPage":[]},"graphName":"BlogPosting","isEnabled":true},"graphs":[]},"schema_type":"default","schema_type_options":null,"pillar_content":false,"robots_default":true,"robots_noindex":false,"robots_noarchive":false,"robots_nosnippet":false,"robots_nofollow":false,"robots_noimageindex":false,"robots_noodp":false,"robots_notranslate":false,"robots_max_snippet":"-1","robots_max_videopreview":"-1","robots_max_imagepreview":"large","priority":null,"frequency":"default","local_seo":null,"breadcrumb_settings":null,"limit_modified_date":false,"ai":{"faqs":[],"keyPoints":[],"schemas":[],"titles":[],"descriptions":[],"socialPosts":{"email":{"subject":"","preview":"","content":""},"linkedin":[],"twitter":[],"facebook":[],"instagram":[]}},"created":"2026-08-27 06:14:50","updated":"2026-08-28 07:05:41","seo_analyzer_scan_date":null},"aioseo_breadcrumb":"<div class=\"aioseo-breadcrumbs\"><span class=\"aioseo-breadcrumb\">\n\t\t\t<a href=\"https:\/\/prometna.net\/dijaski-dom\" title=\"Home\">Home<\/a>\n\t\t<\/span><span class=\"aioseo-breadcrumb-separator\">&raquo;<\/span><span class=\"aioseo-breadcrumb\">\n\t\t\t<a href=\"https:\/\/prometna.net\/dijaski-dom\/aktualni-dogodki\/\" title=\"Aktualni dogodki\">Aktualni dogodki<\/a>\n\t\t<\/span><span class=\"aioseo-breadcrumb-separator\">&raquo;<\/span><span class=\"aioseo-breadcrumb\">\n\t\t\tObvestilo o vselitvi v dija\u0161ki dom\n\t\t<\/span><\/div>","aioseo_breadcrumb_json":[{"label":"Home","link":"https:\/\/prometna.net\/dijaski-dom"},{"label":"Aktualni dogodki","link":"https:\/\/prometna.net\/dijaski-dom\/aktualni-dogodki\/"},{"label":"Obvestilo o vselitvi v dija\u0161ki dom","link":"https:\/\/prometna.net\/dijaski-dom\/aktualni-dogodki\/obvestilo-o-vselitvi-v-dijaski-dom-3\/"}],"_links":{"self":[{"href":"https:\/\/prometna.net\/dijaski-dom\/wp-json\/wp\/v2\/posts\/1626"}],"collection":[{"href":"https:\/\/prometna.net\/dijaski-dom\/wp-json\/wp\/v2\/posts"}],"about":[{"href":"https:\/\/prometna.net\/dijaski-dom\/wp-json\/wp\/v2\/types\/post"}],"author":[{"embeddable":true,"href":"https:\/\/prometna.net\/dijaski-dom\/wp-json\/wp\/v2\/users\/691"}],"replies":[{"embeddable":true,"href":"https:\/\/prometna.net\/dijaski-dom\/wp-json\/wp\/v2\/comments?post=1626"}],"version-history":[{"count":1,"href":"https:\/\/prometna.net\/dijaski-dom\/wp-json\/wp\/v2\/posts\/1626\/revisions"}],"predecessor-version":[{"id":1628,"href":"https:\/\/prometna.net\/dijaski-dom\/wp-json\/wp\/v2\/posts\/1626\/revisions\/1628"}],"wp:featuredmedia":[{"embeddable":true,"href":"https:\/\/prometna.net\/dijaski-dom\/wp-json\/wp\/v2\/media\/1627"}],"wp:attachment":[{"href":"https:\/\/prometna.net\/dijaski-dom\/wp-json\/wp\/v2\/media?parent=1626"}],"wp:term":[{"taxonomy":"category","embeddable":true,"href":"https:\/\/prometna.net\/dijaski-dom\/wp-json\/wp\/v2\/categories?post=1626"},{"taxonomy":"post_tag","embeddable":true,"href":"https:\/\/prometna.net\/dijaski-dom\/wp-json\/wp\/v2\/tags?post=1626"}],"curies":[{"name":"wp","href":"https:\/\/api.w.org\/{rel}","templated":true}]}}