{"id":3666,"date":"2020-09-23T14:19:38","date_gmt":"2020-09-23T12:19:38","guid":{"rendered":"https:\/\/prometna.net\/srednja-sola\/?p=3666"},"modified":"2020-10-01T10:22:14","modified_gmt":"2020-10-01T08:22:14","slug":"na-pot-drugace-v-solo-s-kolesom","status":"publish","type":"post","link":"https:\/\/prometna.net\/srednja-sola\/nekategorizirano\/na-pot-drugace-v-solo-s-kolesom\/","title":{"rendered":"NA POT DRUGA\u010cE &#8211; V \u0160OLO S KOLESOM"},"content":{"rendered":"<p>Na\u0161i dijaki 3. letnika\u00a0pomagajo na javni akciji SPV MOM &#8221; NA POT DRUGA\u010cE &#8211; V \u0160OLO S KOLESOM&#8221;<\/p>\n<p><img decoding=\"async\" loading=\"lazy\" class=\"size-medium wp-image-3667 aligncenter\" src=\"https:\/\/prometna.net\/srednja-sola\/wp-content\/uploads\/sites\/3\/2020\/09\/20200922_093515-500x375.png\" alt=\"\" width=\"500\" height=\"375\" srcset=\"https:\/\/prometna.net\/srednja-sola\/wp-content\/uploads\/sites\/3\/2020\/09\/20200922_093515-500x375.png 500w, https:\/\/prometna.net\/srednja-sola\/wp-content\/uploads\/sites\/3\/2020\/09\/20200922_093515.png 720w\" sizes=\"(max-width: 500px) 100vw, 500px\" \/><\/p>\n","protected":false},"excerpt":{"rendered":"<p>Na\u0161i dijaki 3. letnika\u00a0pomagajo na javni akciji SPV MOM &#8221; NA POT DRUGA\u010cE &#8211; V \u0160OLO S KOLESOM&#8221;<\/p>\n","protected":false},"author":11,"featured_media":2831,"comment_status":"closed","ping_status":"open","sticky":false,"template":"","format":"standard","meta":[],"categories":[1],"tags":[],"aioseo_notices":[],"_links":{"self":[{"href":"https:\/\/prometna.net\/srednja-sola\/wp-json\/wp\/v2\/posts\/3666"}],"collection":[{"href":"https:\/\/prometna.net\/srednja-sola\/wp-json\/wp\/v2\/posts"}],"about":[{"href":"https:\/\/prometna.net\/srednja-sola\/wp-json\/wp\/v2\/types\/post"}],"author":[{"embeddable":true,"href":"https:\/\/prometna.net\/srednja-sola\/wp-json\/wp\/v2\/users\/11"}],"replies":[{"embeddable":true,"href":"https:\/\/prometna.net\/srednja-sola\/wp-json\/wp\/v2\/comments?post=3666"}],"version-history":[{"count":2,"href":"https:\/\/prometna.net\/srednja-sola\/wp-json\/wp\/v2\/posts\/3666\/revisions"}],"predecessor-version":[{"id":3669,"href":"https:\/\/prometna.net\/srednja-sola\/wp-json\/wp\/v2\/posts\/3666\/revisions\/3669"}],"wp:featuredmedia":[{"embeddable":true,"href":"https:\/\/prometna.net\/srednja-sola\/wp-json\/wp\/v2\/media\/2831"}],"wp:attachment":[{"href":"https:\/\/prometna.net\/srednja-sola\/wp-json\/wp\/v2\/media?parent=3666"}],"wp:term":[{"taxonomy":"category","embeddable":true,"href":"https:\/\/prometna.net\/srednja-sola\/wp-json\/wp\/v2\/categories?post=3666"},{"taxonomy":"post_tag","embeddable":true,"href":"https:\/\/prometna.net\/srednja-sola\/wp-json\/wp\/v2\/tags?post=3666"}],"curies":[{"name":"wp","href":"https:\/\/api.w.org\/{rel}","templated":true}]}}