{"id":4800,"date":"2021-12-23T10:21:13","date_gmt":"2021-12-23T09:21:13","guid":{"rendered":"https:\/\/prometna.net\/srednja-sola\/?p=4800"},"modified":"2021-12-23T10:22:11","modified_gmt":"2021-12-23T09:22:11","slug":"z-dijaki-pomagamo-zavetiscu-za-zivali-maribor","status":"publish","type":"post","link":"https:\/\/prometna.net\/srednja-sola\/aktualni-dogodki\/z-dijaki-pomagamo-zavetiscu-za-zivali-maribor\/","title":{"rendered":"Z dijaki pomagamo Zaveti\u0161\u010du za \u017eivali Maribor"},"content":{"rendered":"<p>V torek, smo z dijaki\u00a0 v <a href=\"https:\/\/www.zavetisce-mb.si\/\" target=\"_blank\" rel=\"noopener\">Zaveti\u0161\u010de za \u017eivali Maribor<\/a> odpeljali zbrano hrano in potreb\u0161\u010dine<span class=\"_5mfr\"><span class=\"_6qdm\">\ud83d\udc15<\/span><\/span><span class=\"_5mfr\"><span class=\"_6qdm\">\ud83d\udc08<\/span><\/span>. V zavodu so bili veseli na\u0161ih donacij, bili so prijazni in nam razkazali svoje prostore.<\/p>\n<p>Na\u0161i dijaki in zaposleni Srednje prometne \u0161ole Maribor smo zopet pokazali, kako smo so\u010dutni in kaj zmoremo skupaj. Hvala vsem iz srca<span class=\"_5mfr\"><span class=\"_6qdm\">\ud83d\udc9e<\/span><\/span><span class=\"_5mfr\"><span class=\"_6qdm\">\ud83d\udc9e<\/span><\/span><\/p>\n\n\t\t<style type=\"text\/css\">\n\t\t\t#gallery-1 {\n\t\t\t\tmargin: auto;\n\t\t\t}\n\t\t\t#gallery-1 .gallery-item {\n\t\t\t\tfloat: left;\n\t\t\t\tmargin-top: 10px;\n\t\t\t\ttext-align: center;\n\t\t\t\twidth: 100%;\n\t\t\t}\n\t\t\t#gallery-1 img {\n\t\t\t\tborder: 2px solid #cfcfcf;\n\t\t\t}\n\t\t\t#gallery-1 .gallery-caption {\n\t\t\t\tmargin-left: 0;\n\t\t\t}\n\t\t\t\/* see gallery_shortcode() in wp-includes\/media.php *\/\n\t\t<\/style>\n\t\t<div id='gallery-1' class='gallery galleryid-4800 gallery-columns-1 gallery-size-medium'><dl class='gallery-item'>\n\t\t\t<dt class='gallery-icon landscape'>\n\t\t\t\t<a href='https:\/\/prometna.net\/srednja-sola\/wp-content\/uploads\/sites\/3\/2021\/12\/zavetisce.jpg'><img width=\"500\" height=\"500\" src=\"https:\/\/prometna.net\/srednja-sola\/wp-content\/uploads\/sites\/3\/2021\/12\/zavetisce-500x500.jpg\" class=\"attachment-medium size-medium\" alt=\"\" decoding=\"async\" loading=\"lazy\" srcset=\"https:\/\/prometna.net\/srednja-sola\/wp-content\/uploads\/sites\/3\/2021\/12\/zavetisce-500x500.jpg 500w, https:\/\/prometna.net\/srednja-sola\/wp-content\/uploads\/sites\/3\/2021\/12\/zavetisce-1024x1024.jpg 1024w, https:\/\/prometna.net\/srednja-sola\/wp-content\/uploads\/sites\/3\/2021\/12\/zavetisce-300x300.jpg 300w, https:\/\/prometna.net\/srednja-sola\/wp-content\/uploads\/sites\/3\/2021\/12\/zavetisce-768x768.jpg 768w, https:\/\/prometna.net\/srednja-sola\/wp-content\/uploads\/sites\/3\/2021\/12\/zavetisce-1536x1536.jpg 1536w, https:\/\/prometna.net\/srednja-sola\/wp-content\/uploads\/sites\/3\/2021\/12\/zavetisce.jpg 1800w\" sizes=\"(max-width: 500px) 100vw, 500px\" \/><\/a>\n\t\t\t<\/dt><\/dl><br style=\"clear: both\" \/>\n\t\t<\/div>\n\n<p>Mentorica dija\u0161ke skupnosti, Barbara \u010ceh<\/p>\n","protected":false},"excerpt":{"rendered":"<p>V torek, smo z dijaki\u00a0 v Zaveti\u0161\u010de za \u017eivali Maribor odpeljali zbrano hrano in potreb\u0161\u010dine\ud83d\udc15\ud83d\udc08. V zavodu so bili veseli [&hellip;]<\/p>\n","protected":false},"author":6,"featured_media":4803,"comment_status":"closed","ping_status":"open","sticky":false,"template":"","format":"standard","meta":[],"categories":[19],"tags":[],"aioseo_notices":[],"_links":{"self":[{"href":"https:\/\/prometna.net\/srednja-sola\/wp-json\/wp\/v2\/posts\/4800"}],"collection":[{"href":"https:\/\/prometna.net\/srednja-sola\/wp-json\/wp\/v2\/posts"}],"about":[{"href":"https:\/\/prometna.net\/srednja-sola\/wp-json\/wp\/v2\/types\/post"}],"author":[{"embeddable":true,"href":"https:\/\/prometna.net\/srednja-sola\/wp-json\/wp\/v2\/users\/6"}],"replies":[{"embeddable":true,"href":"https:\/\/prometna.net\/srednja-sola\/wp-json\/wp\/v2\/comments?post=4800"}],"version-history":[{"count":1,"href":"https:\/\/prometna.net\/srednja-sola\/wp-json\/wp\/v2\/posts\/4800\/revisions"}],"predecessor-version":[{"id":4802,"href":"https:\/\/prometna.net\/srednja-sola\/wp-json\/wp\/v2\/posts\/4800\/revisions\/4802"}],"wp:featuredmedia":[{"embeddable":true,"href":"https:\/\/prometna.net\/srednja-sola\/wp-json\/wp\/v2\/media\/4803"}],"wp:attachment":[{"href":"https:\/\/prometna.net\/srednja-sola\/wp-json\/wp\/v2\/media?parent=4800"}],"wp:term":[{"taxonomy":"category","embeddable":true,"href":"https:\/\/prometna.net\/srednja-sola\/wp-json\/wp\/v2\/categories?post=4800"},{"taxonomy":"post_tag","embeddable":true,"href":"https:\/\/prometna.net\/srednja-sola\/wp-json\/wp\/v2\/tags?post=4800"}],"curies":[{"name":"wp","href":"https:\/\/api.w.org\/{rel}","templated":true}]}}