{"id":8049,"date":"2026-04-03T10:01:54","date_gmt":"2026-04-03T08:01:54","guid":{"rendered":"https:\/\/prometna.net\/srednja-sola\/?p=8049"},"modified":"2026-04-07T13:10:41","modified_gmt":"2026-04-07T11:10:41","slug":"srecanje-logisticnih-sol-slovenije","status":"publish","type":"post","link":"https:\/\/prometna.net\/srednja-sola\/aktualni-dogodki\/srecanje-logisticnih-sol-slovenije\/","title":{"rendered":"Sre\u010danje logisti\u010dnih \u0161ol Slovenije"},"content":{"rendered":"<p class=\"isSelectedEnd\">Na 22. Dr\u017eavnem tekmovanju iz logistike, ki predstavlja vsakoletno sre\u010danje vseh slovenskih srednjih \u0161ol s podro\u010dja logistike, je izjemen uspeh dosegla na\u0161a dijakinja <strong>Lara Mo\u0161kon<\/strong> iz <strong>2. B<\/strong>\u00a0razreda.<\/p>\n<p class=\"isSelectedEnd\">Z odli\u010dnim znanjem, predanostjo in strokovnostjo je osvojila <strong>1. mesto<\/strong> ter s tem potrdila visoko raven znanja in kakovostnega dela na na\u0161i \u0161oli.<\/p>\n<p>Iskrene \u010destitke Lari za vrhunski dose\u017eek!<\/p>\n\n\t\t<style type=\"text\/css\">\n\t\t\t#gallery-1 {\n\t\t\t\tmargin: auto;\n\t\t\t}\n\t\t\t#gallery-1 .gallery-item {\n\t\t\t\tfloat: left;\n\t\t\t\tmargin-top: 10px;\n\t\t\t\ttext-align: center;\n\t\t\t\twidth: 100%;\n\t\t\t}\n\t\t\t#gallery-1 img {\n\t\t\t\tborder: 2px solid #cfcfcf;\n\t\t\t}\n\t\t\t#gallery-1 .gallery-caption {\n\t\t\t\tmargin-left: 0;\n\t\t\t}\n\t\t\t\/* see gallery_shortcode() in wp-includes\/media.php *\/\n\t\t<\/style>\n\t\t<div id='gallery-1' class='gallery galleryid-8049 gallery-columns-1 gallery-size-thumbnail'><dl class='gallery-item'>\n\t\t\t<dt class='gallery-icon landscape'>\n\t\t\t\t<a href='https:\/\/prometna.net\/srednja-sola\/aktualni-dogodki\/srecanje-logisticnih-sol-slovenije\/attachment\/logistika-1-2\/'><img width=\"300\" height=\"300\" src=\"https:\/\/prometna.net\/srednja-sola\/wp-content\/uploads\/sites\/3\/2026\/04\/logistika-1-300x300.jpg\" class=\"attachment-thumbnail size-thumbnail\" alt=\"\" decoding=\"async\" loading=\"lazy\" \/><\/a>\n\t\t\t<\/dt><\/dl><br style=\"clear: both\" \/><dl class='gallery-item'>\n\t\t\t<dt class='gallery-icon portrait'>\n\t\t\t\t<a href='https:\/\/prometna.net\/srednja-sola\/aktualni-dogodki\/srecanje-logisticnih-sol-slovenije\/attachment\/logistika-4\/'><img width=\"300\" height=\"300\" src=\"https:\/\/prometna.net\/srednja-sola\/wp-content\/uploads\/sites\/3\/2026\/04\/logistika-4-300x300.jpg\" class=\"attachment-thumbnail size-thumbnail\" alt=\"\" decoding=\"async\" loading=\"lazy\" \/><\/a>\n\t\t\t<\/dt><\/dl><br style=\"clear: both\" \/><dl class='gallery-item'>\n\t\t\t<dt class='gallery-icon portrait'>\n\t\t\t\t<a href='https:\/\/prometna.net\/srednja-sola\/aktualni-dogodki\/srecanje-logisticnih-sol-slovenije\/attachment\/logistika-5\/'><img width=\"300\" height=\"300\" src=\"https:\/\/prometna.net\/srednja-sola\/wp-content\/uploads\/sites\/3\/2026\/04\/logistika-5-300x300.jpg\" class=\"attachment-thumbnail size-thumbnail\" alt=\"\" decoding=\"async\" loading=\"lazy\" \/><\/a>\n\t\t\t<\/dt><\/dl><br style=\"clear: both\" \/><dl class='gallery-item'>\n\t\t\t<dt class='gallery-icon portrait'>\n\t\t\t\t<a href='https:\/\/prometna.net\/srednja-sola\/aktualni-dogodki\/srecanje-logisticnih-sol-slovenije\/attachment\/logistika-2\/'><img width=\"300\" height=\"300\" src=\"https:\/\/prometna.net\/srednja-sola\/wp-content\/uploads\/sites\/3\/2026\/04\/logistika-2-300x300.jpg\" class=\"attachment-thumbnail size-thumbnail\" alt=\"\" decoding=\"async\" loading=\"lazy\" \/><\/a>\n\t\t\t<\/dt><\/dl><br style=\"clear: both\" \/><dl class='gallery-item'>\n\t\t\t<dt class='gallery-icon portrait'>\n\t\t\t\t<a href='https:\/\/prometna.net\/srednja-sola\/aktualni-dogodki\/srecanje-logisticnih-sol-slovenije\/attachment\/logistika-3\/'><img width=\"300\" height=\"300\" src=\"https:\/\/prometna.net\/srednja-sola\/wp-content\/uploads\/sites\/3\/2026\/04\/logistika-3-300x300.jpg\" class=\"attachment-thumbnail size-thumbnail\" alt=\"\" decoding=\"async\" loading=\"lazy\" \/><\/a>\n\t\t\t<\/dt><\/dl><br style=\"clear: both\" \/>\n\t\t<\/div>\n\n","protected":false},"excerpt":{"rendered":"<p>Na 22. Dr\u017eavnem tekmovanju iz logistike, ki predstavlja vsakoletno sre\u010danje vseh slovenskih srednjih \u0161ol s podro\u010dja logistike, je izjemen uspeh [&hellip;]<\/p>\n","protected":false},"author":691,"featured_media":8054,"comment_status":"closed","ping_status":"open","sticky":false,"template":"","format":"standard","meta":[],"categories":[19,34,70,72,52],"tags":[],"aioseo_notices":[],"_links":{"self":[{"href":"https:\/\/prometna.net\/srednja-sola\/wp-json\/wp\/v2\/posts\/8049"}],"collection":[{"href":"https:\/\/prometna.net\/srednja-sola\/wp-json\/wp\/v2\/posts"}],"about":[{"href":"https:\/\/prometna.net\/srednja-sola\/wp-json\/wp\/v2\/types\/post"}],"author":[{"embeddable":true,"href":"https:\/\/prometna.net\/srednja-sola\/wp-json\/wp\/v2\/users\/691"}],"replies":[{"embeddable":true,"href":"https:\/\/prometna.net\/srednja-sola\/wp-json\/wp\/v2\/comments?post=8049"}],"version-history":[{"count":1,"href":"https:\/\/prometna.net\/srednja-sola\/wp-json\/wp\/v2\/posts\/8049\/revisions"}],"predecessor-version":[{"id":8055,"href":"https:\/\/prometna.net\/srednja-sola\/wp-json\/wp\/v2\/posts\/8049\/revisions\/8055"}],"wp:featuredmedia":[{"embeddable":true,"href":"https:\/\/prometna.net\/srednja-sola\/wp-json\/wp\/v2\/media\/8054"}],"wp:attachment":[{"href":"https:\/\/prometna.net\/srednja-sola\/wp-json\/wp\/v2\/media?parent=8049"}],"wp:term":[{"taxonomy":"category","embeddable":true,"href":"https:\/\/prometna.net\/srednja-sola\/wp-json\/wp\/v2\/categories?post=8049"},{"taxonomy":"post_tag","embeddable":true,"href":"https:\/\/prometna.net\/srednja-sola\/wp-json\/wp\/v2\/tags?post=8049"}],"curies":[{"name":"wp","href":"https:\/\/api.w.org\/{rel}","templated":true}]}}