{"id":8056,"date":"2026-04-08T07:54:54","date_gmt":"2026-04-08T05:54:54","guid":{"rendered":"https:\/\/prometna.net\/srednja-sola\/?p=8056"},"modified":"2026-04-08T08:25:37","modified_gmt":"2026-04-08T06:25:37","slug":"obvestilo-o-prostih-mestih-za-vpis","status":"publish","type":"post","link":"https:\/\/prometna.net\/srednja-sola\/aktualni-dogodki\/obvestilo-o-prostih-mestih-za-vpis\/","title":{"rendered":"Obvestilo o prostih mestih za vpis"},"content":{"rendered":"<p class=\"isSelectedEnd\">Na Srednji prometni \u0161oli Maribor so za prihodnje \u0161olsko leto \u0161e na voljo prosta mesta za vpis v naslednja izobra\u017eevalna programa:<\/p>\n<ul data-spread=\"false\">\n<li><a href=\"https:\/\/prometna.net\/srednja-sola\/izobrazevalni-programi\/logisticni-tehnik\/\" target=\"_blank\" rel=\"noopener\">Logisti\u010dni tehnik<\/a><\/li>\n<li><a href=\"https:\/\/prometna.net\/srednja-sola\/izobrazevalni-programi\/tehnik-elektronskih-komunikacij\/\">Tehnik elektronskih komunikacij<\/a><\/li>\n<\/ul>\n<p class=\"isSelectedEnd\">Oba programa omogo\u010data pridobitev sodobnih strokovnih znanj, ki so iskana na trgu dela, ter nudita dobro osnovo za nadaljnje izobra\u017eevanje.<\/p>\n<p class=\"isSelectedEnd\">Vse zainteresirane kandidate vabimo, da oddajo prijavo in si pravo\u010dasno zagotovijo svoje mesto.<\/p>\n<p>Za dodatne informacije se obrnite na\u00a0 <a href=\"https:\/\/prometna.net\/srednja-sola\/o-soli\/svetovalna-sluzba\/\" target=\"_blank\" rel=\"noopener\">svetovalno slu\u017ebo.<\/a><\/p>\n\n\t\t<style type=\"text\/css\">\n\t\t\t#gallery-1 {\n\t\t\t\tmargin: auto;\n\t\t\t}\n\t\t\t#gallery-1 .gallery-item {\n\t\t\t\tfloat: left;\n\t\t\t\tmargin-top: 10px;\n\t\t\t\ttext-align: center;\n\t\t\t\twidth: 33%;\n\t\t\t}\n\t\t\t#gallery-1 img {\n\t\t\t\tborder: 2px solid #cfcfcf;\n\t\t\t}\n\t\t\t#gallery-1 .gallery-caption {\n\t\t\t\tmargin-left: 0;\n\t\t\t}\n\t\t\t\/* see gallery_shortcode() in wp-includes\/media.php *\/\n\t\t<\/style>\n\t\t<div id='gallery-1' class='gallery galleryid-8056 gallery-columns-3 gallery-size-thumbnail'><dl class='gallery-item'>\n\t\t\t<dt class='gallery-icon landscape'>\n\t\t\t\t<a href='https:\/\/prometna.net\/srednja-sola\/aktualni-dogodki\/informativni-dnevi-2026\/attachment\/info5\/'><img width=\"300\" height=\"300\" src=\"https:\/\/prometna.net\/srednja-sola\/wp-content\/uploads\/sites\/3\/2026\/02\/info5-300x300.jpg\" class=\"attachment-thumbnail size-thumbnail\" alt=\"\" decoding=\"async\" loading=\"lazy\" \/><\/a>\n\t\t\t<\/dt><\/dl><dl class='gallery-item'>\n\t\t\t<dt class='gallery-icon landscape'>\n\t\t\t\t<a href='https:\/\/prometna.net\/srednja-sola\/aktualni-dogodki\/informativni-dnevi-2026\/attachment\/info17\/'><img width=\"300\" height=\"300\" src=\"https:\/\/prometna.net\/srednja-sola\/wp-content\/uploads\/sites\/3\/2026\/02\/info17-300x300.jpg\" class=\"attachment-thumbnail size-thumbnail\" alt=\"\" decoding=\"async\" loading=\"lazy\" \/><\/a>\n\t\t\t<\/dt><\/dl><dl class='gallery-item'>\n\t\t\t<dt class='gallery-icon landscape'>\n\t\t\t\t<a href='https:\/\/prometna.net\/srednja-sola\/aktualni-dogodki\/informativni-dnevi-2026\/attachment\/info16\/'><img width=\"300\" height=\"300\" src=\"https:\/\/prometna.net\/srednja-sola\/wp-content\/uploads\/sites\/3\/2026\/02\/info16-300x300.jpg\" class=\"attachment-thumbnail size-thumbnail\" alt=\"\" decoding=\"async\" loading=\"lazy\" \/><\/a>\n\t\t\t<\/dt><\/dl><br style=\"clear: both\" \/><dl class='gallery-item'>\n\t\t\t<dt class='gallery-icon landscape'>\n\t\t\t\t<a href='https:\/\/prometna.net\/srednja-sola\/aktualni-dogodki\/informativni-dnevi-2026\/attachment\/infor4\/'><img width=\"300\" height=\"300\" src=\"https:\/\/prometna.net\/srednja-sola\/wp-content\/uploads\/sites\/3\/2026\/02\/infor4-300x300.jpg\" class=\"attachment-thumbnail size-thumbnail\" alt=\"\" decoding=\"async\" loading=\"lazy\" \/><\/a>\n\t\t\t<\/dt><\/dl><dl class='gallery-item'>\n\t\t\t<dt class='gallery-icon landscape'>\n\t\t\t\t<a href='https:\/\/prometna.net\/srednja-sola\/aktualni-dogodki\/informativni-dnevi-2026\/attachment\/info15\/'><img width=\"300\" height=\"300\" src=\"https:\/\/prometna.net\/srednja-sola\/wp-content\/uploads\/sites\/3\/2026\/02\/info15-300x300.jpg\" class=\"attachment-thumbnail size-thumbnail\" alt=\"\" decoding=\"async\" loading=\"lazy\" \/><\/a>\n\t\t\t<\/dt><\/dl><dl class='gallery-item'>\n\t\t\t<dt class='gallery-icon portrait'>\n\t\t\t\t<a href='https:\/\/prometna.net\/srednja-sola\/aktualni-dogodki\/informativni-dnevi-2026\/attachment\/info27\/'><img width=\"300\" height=\"300\" src=\"https:\/\/prometna.net\/srednja-sola\/wp-content\/uploads\/sites\/3\/2026\/02\/info27-300x300.jpg\" class=\"attachment-thumbnail size-thumbnail\" alt=\"\" decoding=\"async\" loading=\"lazy\" \/><\/a>\n\t\t\t<\/dt><\/dl><br style=\"clear: both\" \/><dl class='gallery-item'>\n\t\t\t<dt class='gallery-icon landscape'>\n\t\t\t\t<a href='https:\/\/prometna.net\/srednja-sola\/aktualni-dogodki\/informativni-dnevi-2026\/attachment\/info32\/'><img width=\"300\" height=\"300\" src=\"https:\/\/prometna.net\/srednja-sola\/wp-content\/uploads\/sites\/3\/2026\/02\/info32-300x300.jpg\" class=\"attachment-thumbnail size-thumbnail\" alt=\"\" decoding=\"async\" loading=\"lazy\" \/><\/a>\n\t\t\t<\/dt><\/dl><dl class='gallery-item'>\n\t\t\t<dt class='gallery-icon landscape'>\n\t\t\t\t<a href='https:\/\/prometna.net\/srednja-sola\/aktualni-dogodki\/informativni-dnevi-2026\/attachment\/info31\/'><img width=\"300\" height=\"300\" src=\"https:\/\/prometna.net\/srednja-sola\/wp-content\/uploads\/sites\/3\/2026\/02\/info31-300x300.jpg\" class=\"attachment-thumbnail size-thumbnail\" alt=\"\" decoding=\"async\" loading=\"lazy\" \/><\/a>\n\t\t\t<\/dt><\/dl><dl class='gallery-item'>\n\t\t\t<dt class='gallery-icon landscape'>\n\t\t\t\t<a href='https:\/\/prometna.net\/srednja-sola\/aktualni-dogodki\/informativni-dnevi-2026\/attachment\/info24\/'><img width=\"300\" height=\"300\" src=\"https:\/\/prometna.net\/srednja-sola\/wp-content\/uploads\/sites\/3\/2026\/02\/info24-300x300.jpg\" class=\"attachment-thumbnail size-thumbnail\" alt=\"\" decoding=\"async\" loading=\"lazy\" \/><\/a>\n\t\t\t<\/dt><\/dl><br style=\"clear: both\" \/><dl class='gallery-item'>\n\t\t\t<dt class='gallery-icon landscape'>\n\t\t\t\t<a href='https:\/\/prometna.net\/srednja-sola\/aktualni-dogodki\/informativni-dnevi-2026\/attachment\/info12\/'><img width=\"300\" height=\"300\" src=\"https:\/\/prometna.net\/srednja-sola\/wp-content\/uploads\/sites\/3\/2026\/02\/info12-300x300.jpg\" class=\"attachment-thumbnail size-thumbnail\" alt=\"\" decoding=\"async\" loading=\"lazy\" \/><\/a>\n\t\t\t<\/dt><\/dl><dl class='gallery-item'>\n\t\t\t<dt class='gallery-icon landscape'>\n\t\t\t\t<a href='https:\/\/prometna.net\/srednja-sola\/aktualni-dogodki\/informativni-dnevi-2026\/attachment\/info10\/'><img width=\"300\" height=\"300\" src=\"https:\/\/prometna.net\/srednja-sola\/wp-content\/uploads\/sites\/3\/2026\/02\/info10-300x300.jpg\" class=\"attachment-thumbnail size-thumbnail\" alt=\"\" decoding=\"async\" loading=\"lazy\" \/><\/a>\n\t\t\t<\/dt><\/dl><dl class='gallery-item'>\n\t\t\t<dt class='gallery-icon landscape'>\n\t\t\t\t<a href='https:\/\/prometna.net\/srednja-sola\/aktualni-dogodki\/informativni-dnevi-2026\/attachment\/info9\/'><img width=\"300\" height=\"300\" src=\"https:\/\/prometna.net\/srednja-sola\/wp-content\/uploads\/sites\/3\/2026\/02\/info9-300x300.jpg\" class=\"attachment-thumbnail size-thumbnail\" alt=\"\" decoding=\"async\" loading=\"lazy\" \/><\/a>\n\t\t\t<\/dt><\/dl><br style=\"clear: both\" \/>\n\t\t<\/div>\n\n<p>&nbsp;<\/p>\n","protected":false},"excerpt":{"rendered":"<p>Na Srednji prometni \u0161oli Maribor so za prihodnje \u0161olsko leto \u0161e na voljo prosta mesta za vpis v naslednja izobra\u017eevalna [&hellip;]<\/p>\n","protected":false},"author":691,"featured_media":8057,"comment_status":"closed","ping_status":"open","sticky":false,"template":"","format":"standard","meta":[],"categories":[19,42],"tags":[],"aioseo_notices":[],"_links":{"self":[{"href":"https:\/\/prometna.net\/srednja-sola\/wp-json\/wp\/v2\/posts\/8056"}],"collection":[{"href":"https:\/\/prometna.net\/srednja-sola\/wp-json\/wp\/v2\/posts"}],"about":[{"href":"https:\/\/prometna.net\/srednja-sola\/wp-json\/wp\/v2\/types\/post"}],"author":[{"embeddable":true,"href":"https:\/\/prometna.net\/srednja-sola\/wp-json\/wp\/v2\/users\/691"}],"replies":[{"embeddable":true,"href":"https:\/\/prometna.net\/srednja-sola\/wp-json\/wp\/v2\/comments?post=8056"}],"version-history":[{"count":1,"href":"https:\/\/prometna.net\/srednja-sola\/wp-json\/wp\/v2\/posts\/8056\/revisions"}],"predecessor-version":[{"id":8058,"href":"https:\/\/prometna.net\/srednja-sola\/wp-json\/wp\/v2\/posts\/8056\/revisions\/8058"}],"wp:featuredmedia":[{"embeddable":true,"href":"https:\/\/prometna.net\/srednja-sola\/wp-json\/wp\/v2\/media\/8057"}],"wp:attachment":[{"href":"https:\/\/prometna.net\/srednja-sola\/wp-json\/wp\/v2\/media?parent=8056"}],"wp:term":[{"taxonomy":"category","embeddable":true,"href":"https:\/\/prometna.net\/srednja-sola\/wp-json\/wp\/v2\/categories?post=8056"},{"taxonomy":"post_tag","embeddable":true,"href":"https:\/\/prometna.net\/srednja-sola\/wp-json\/wp\/v2\/tags?post=8056"}],"curies":[{"name":"wp","href":"https:\/\/api.w.org\/{rel}","templated":true}]}}