{"id":8112,"date":"2026-04-22T13:02:52","date_gmt":"2026-04-22T11:02:52","guid":{"rendered":"https:\/\/prometna.net\/srednja-sola\/?p=8112"},"modified":"2026-04-22T13:02:52","modified_gmt":"2026-04-22T11:02:52","slug":"drzavno-cankarjevo-tekmovanje","status":"publish","type":"post","link":"https:\/\/prometna.net\/srednja-sola\/obvestila-za-dijake\/drzavno-cankarjevo-tekmovanje\/","title":{"rendered":"Dr\u017eavno Cankarjevo tekmovanje"},"content":{"rendered":"<p>Ponosni na izjemen uspeh na\u0161e dijakinje<\/p>\n<p>Z velikim veseljem in ponosom sporo\u010damo, da je na\u0161a dijakinja Aneja Po\u0161trak iz 3. c dosegla srebrno priznanje na dr\u017eavnem Cankarjevem tekmovanju iz sloven\u0161\u010dine, ki je letos potekalo pod naslovom \u00bbNa\u0161 svet skozi njihove o\u010di\u00ab.<\/p>\n<p>Aneja si je vstopnico za dr\u017eavno raven najprej priborila na \u0161olskem, nato pa \u0161e na regijskem tekmovanju. Njen uspeh je rezultat vztrajnosti, poglobljenega branja, razmi\u0161ljanja in poguma, da mladi skozi literaturo i\u0161\u010dejo \u2013 in najdejo \u2013 odgovore o sebi in svetu.<\/p>\n<p>Prav ta pot od radovednega bralca do premi\u0161ljenega interpreta besedil vodi do tako velikih dose\u017ekov.<\/p>\n<p>Aneji iskreno \u010destitamo in se ji zahvaljujemo, ker s svojim znanjem, predanostjo in zgledom dokazuje, da ima literatura med mladimi \u0161e vedno posebno mo\u010d!<\/p>\n<p>Bravo, Aneja \u2013 ponosni smo nate!<\/p>\n\n\t\t<style type=\"text\/css\">\n\t\t\t#gallery-1 {\n\t\t\t\tmargin: auto;\n\t\t\t}\n\t\t\t#gallery-1 .gallery-item {\n\t\t\t\tfloat: left;\n\t\t\t\tmargin-top: 10px;\n\t\t\t\ttext-align: center;\n\t\t\t\twidth: 50%;\n\t\t\t}\n\t\t\t#gallery-1 img {\n\t\t\t\tborder: 2px solid #cfcfcf;\n\t\t\t}\n\t\t\t#gallery-1 .gallery-caption {\n\t\t\t\tmargin-left: 0;\n\t\t\t}\n\t\t\t\/* see gallery_shortcode() in wp-includes\/media.php *\/\n\t\t<\/style>\n\t\t<div id='gallery-1' class='gallery galleryid-8112 gallery-columns-2 gallery-size-thumbnail'><dl class='gallery-item'>\n\t\t\t<dt class='gallery-icon landscape'>\n\t\t\t\t<a href='https:\/\/prometna.net\/srednja-sola\/obvestila-za-dijake\/drzavno-cankarjevo-tekmovanje\/attachment\/cankar-4\/'><img width=\"300\" height=\"300\" src=\"https:\/\/prometna.net\/srednja-sola\/wp-content\/uploads\/sites\/3\/2026\/04\/cankar-4-300x300.jpg\" class=\"attachment-thumbnail size-thumbnail\" alt=\"\" decoding=\"async\" loading=\"lazy\" \/><\/a>\n\t\t\t<\/dt><\/dl><dl class='gallery-item'>\n\t\t\t<dt class='gallery-icon landscape'>\n\t\t\t\t<a href='https:\/\/prometna.net\/srednja-sola\/obvestila-za-dijake\/drzavno-cankarjevo-tekmovanje\/attachment\/cankar-1\/'><img width=\"300\" height=\"300\" src=\"https:\/\/prometna.net\/srednja-sola\/wp-content\/uploads\/sites\/3\/2026\/04\/cankar-1-300x300.jpg\" class=\"attachment-thumbnail size-thumbnail\" alt=\"\" decoding=\"async\" loading=\"lazy\" \/><\/a>\n\t\t\t<\/dt><\/dl><br style=\"clear: both\" \/><dl class='gallery-item'>\n\t\t\t<dt class='gallery-icon portrait'>\n\t\t\t\t<a href='https:\/\/prometna.net\/srednja-sola\/obvestila-za-dijake\/drzavno-cankarjevo-tekmovanje\/attachment\/cankar-3\/'><img width=\"300\" height=\"300\" src=\"https:\/\/prometna.net\/srednja-sola\/wp-content\/uploads\/sites\/3\/2026\/04\/cankar-3-300x300.jpg\" class=\"attachment-thumbnail size-thumbnail\" alt=\"\" decoding=\"async\" loading=\"lazy\" \/><\/a>\n\t\t\t<\/dt><\/dl><dl class='gallery-item'>\n\t\t\t<dt class='gallery-icon portrait'>\n\t\t\t\t<a href='https:\/\/prometna.net\/srednja-sola\/obvestila-za-dijake\/drzavno-cankarjevo-tekmovanje\/attachment\/cankar-2\/'><img width=\"300\" height=\"300\" src=\"https:\/\/prometna.net\/srednja-sola\/wp-content\/uploads\/sites\/3\/2026\/04\/cankar-2-300x300.jpg\" class=\"attachment-thumbnail size-thumbnail\" alt=\"\" decoding=\"async\" loading=\"lazy\" \/><\/a>\n\t\t\t<\/dt><\/dl><br style=\"clear: both\" \/>\n\t\t<\/div>\n\n","protected":false},"excerpt":{"rendered":"<p>Ponosni na izjemen uspeh na\u0161e dijakinje Z velikim veseljem in ponosom sporo\u010damo, da je na\u0161a dijakinja Aneja Po\u0161trak iz 3. [&hellip;]<\/p>\n","protected":false},"author":691,"featured_media":0,"comment_status":"closed","ping_status":"open","sticky":false,"template":"","format":"standard","meta":[],"categories":[19,34,9,52],"tags":[],"aioseo_notices":[],"_links":{"self":[{"href":"https:\/\/prometna.net\/srednja-sola\/wp-json\/wp\/v2\/posts\/8112"}],"collection":[{"href":"https:\/\/prometna.net\/srednja-sola\/wp-json\/wp\/v2\/posts"}],"about":[{"href":"https:\/\/prometna.net\/srednja-sola\/wp-json\/wp\/v2\/types\/post"}],"author":[{"embeddable":true,"href":"https:\/\/prometna.net\/srednja-sola\/wp-json\/wp\/v2\/users\/691"}],"replies":[{"embeddable":true,"href":"https:\/\/prometna.net\/srednja-sola\/wp-json\/wp\/v2\/comments?post=8112"}],"version-history":[{"count":1,"href":"https:\/\/prometna.net\/srednja-sola\/wp-json\/wp\/v2\/posts\/8112\/revisions"}],"predecessor-version":[{"id":8117,"href":"https:\/\/prometna.net\/srednja-sola\/wp-json\/wp\/v2\/posts\/8112\/revisions\/8117"}],"wp:attachment":[{"href":"https:\/\/prometna.net\/srednja-sola\/wp-json\/wp\/v2\/media?parent=8112"}],"wp:term":[{"taxonomy":"category","embeddable":true,"href":"https:\/\/prometna.net\/srednja-sola\/wp-json\/wp\/v2\/categories?post=8112"},{"taxonomy":"post_tag","embeddable":true,"href":"https:\/\/prometna.net\/srednja-sola\/wp-json\/wp\/v2\/tags?post=8112"}],"curies":[{"name":"wp","href":"https:\/\/api.w.org\/{rel}","templated":true}]}}