{"id":8362,"date":"2026-09-04T12:14:49","date_gmt":"2026-09-04T10:14:49","guid":{"rendered":"https:\/\/prometna.net\/srednja-sola\/?p=8362"},"modified":"2026-09-04T12:29:22","modified_gmt":"2026-09-04T10:29:22","slug":"varno-v-novo-solsko-leto","status":"publish","type":"post","link":"https:\/\/prometna.net\/srednja-sola\/aktualni-dogodki\/varno-v-novo-solsko-leto\/","title":{"rendered":"Varno v novo \u0161olsko leto"},"content":{"rendered":"<div class=\"___be36l80 fbotcpb fy77jfu f6dzj5z\">\n<div class=\"fai-CopilotMessage r1f6yzd6 ___1fjo9g7 f1g2tzg5 fgct6un fy77jfu f2c7lf3\" tabindex=\"0\" role=\"article\" aria-labelledby=\"copilot-message-_r_jc_-title copilot-message-_r_jc_\" aria-setsize=\"2\" aria-posinset=\"2\" data-tabster=\"{&quot;groupper&quot;:{&quot;tabbability&quot;:2},&quot;focusable&quot;:{}}\">\n<div class=\"r17kselw\">\n<div class=\"fai-CopilotMessage__disclaimer r1a5ho4p\">V prvih dneh novega \u0161olskega leta so tudi dijaki Srednje prometne \u0161ole Maribor poskrbeli, da je bila pot najmlaj\u0161ih udele\u017eencev v prometu \u010dim bolj varna.<\/div>\n<\/div>\n<div id=\"copilot-message-_r_jc_\" class=\"fai-CopilotMessage__content r1izxv8h ___7qar2c0 fcthzvy\" dir=\"auto\">\n<div dir=\"auto\">\n<div class=\"___1vve6yh f22iagw f1vx9l62 f122n59 f3bhgqh f1mnxvew fly5x3f\">\n<div class=\"___j4vmuw0 f22iagw f1vx9l62 f1869bpl fly5x3f fbc6vix\">\n<div tabindex=\"-1\" data-testid=\"loading-message\" data-fui-focus-visible=\"\">\n<div id=\"response-id_r_ja_\" class=\"___1yop6mf f336tjw f9ijwd5 fz7g6wx fod5ikn f1s184ao\" data-testid=\"lastChatMessage\">\n<div class=\"___1peis63 f22iagw f1063pyq f6jr5hl f1c88k3p\">\n<div class=\"___4htdyp0 fz7g6wx fy77jfu\">\n<div class=\"___1j4t0a1 f1lmfglv f1abmfm4\" dir=\"auto\" aria-hidden=\"false\" data-testid=\"markdown-reply\" data-message-id=\"539cd1d6-7ff7-48f6-a596-9893837e82fc\" data-message-type=\"Chat\">\n<div class=\"___1ddt6wa f22iagw f1vx9l62 fkmyikg fk15e71 f1k953kz f137keqj f1rncccw f1stllg3 f1w4kmmc f1tric3v f10dk5ic fx8cdsv f16nlwsl f1eookvz fhjrts3 fqugt2f f18d18k8 f1v1vhmp f1hdmul3 f198vjnp f2dshw1 fjpjndq fnmj2pj ffrrb40 f1mon110 fhajzam fimndk6 fxv4dng fb1rn9k f59wlhv f1xmfh30 f18yf5o5 fmr6chf fw8qy2q ff161sd f1qr7t77 f1yyogn1 foogchg fp5872b f1tpb8gf f1hdgrc8 f1vatr43 frkxccd f9pdzkb f158oiaz ft5kggy f5l4ui7 f13j03li f18xdoka f8off4e f1go6zfc f128n2ra f1jpxw2j f1lwd9n0 fy0b8hm f1g2633v fx4kvgi fkvolse f1gxrt3a f1os76ua f1js9cnw f1g87ej0 freluf8 f1yggaq6 f2i3chp f1151osp florpoh f35kzfz ftp9m57 f1e288vi fz62hnz fixvuys f1nmofwh fc1c6mv f18a2er7 fhvkrdl fhxnn68 f1oce4bo fvhlfan f7tc0t0 f1ngf1n2 ffrzq6x f1yjiq2m f1aqdgql f1huvaf f10ij78l f1k94sa4 fkmfumq f1jvzkyl f1eu24ob f1xbfc1f fmf0lwf f107dsy8 f3w566c f4648sl f13zpkng f7unjfp f8p1rz fzu6h1w f1i1bi6h f1smo7hi f1sk1xod f1kgogdq f1gjktkp ft608jz f1o9wiiv fg3xr24 fhd155k f1b8gl2e fg4b9ou flb4lo fdicbfk fgwcyh1 f1jbds0d f1fb9uea f1stuka4 fcrtu6g fwqh0xn f11w66yg f6e0e65 f1vvgu0 f1607507 fgct6un f1ec1nbe fg3fpv7 f1m9bycv f1ntoah8 f1b694rt faql4r2 fpjuhzh fmavl6h f1d9bsk fmzhlt0 f145l92p fwkyaqm f129obh1 f19la9g f127w39w fr0ux9m fxhidck f1cu4h9j f1wnbo7v f1eueg4z fy9c24f f1h2o91j f1iw08fq f19n0e5 f196z6ca fsbhmxc f1mth4z6\">\n<p>V sodelovanju s slovensko policijo ter Svetom za preventivo in vzgojo v cestnem prometu Mestne ob\u010dine Maribor so na\u0161i dijaki sodelovali pri varovanju prvo\u0161olcev in drugih u\u010dencev na njihovih \u0161olskih poteh.<\/p>\n<p>S svojo prisotnostjo na prehodih za pe\u0161ce in v okolici \u0161ol so opozarjali voznike na ve\u010djo previdnost ter pomagali otrokom pri varnem vklju\u010devanju v promet.<\/p>\n<p>Za na\u0161e dijake je bila to tudi odli\u010dna prilo\u017enost, da znanje, pridobljeno pri pouku, uporabijo v praksi ter hkrati prispevajo k ve\u010dji prometni varnosti v na\u0161em mestu.<\/p>\n<p>Vsem prvo\u0161olcem in ostalim u\u010dencem \u017eelimo varno, uspe\u0161no in prijetno \u0161olsko leto!<\/p>\n\n\t\t<style type=\"text\/css\">\n\t\t\t#gallery-1 {\n\t\t\t\tmargin: auto;\n\t\t\t}\n\t\t\t#gallery-1 .gallery-item {\n\t\t\t\tfloat: left;\n\t\t\t\tmargin-top: 10px;\n\t\t\t\ttext-align: center;\n\t\t\t\twidth: 33%;\n\t\t\t}\n\t\t\t#gallery-1 img {\n\t\t\t\tborder: 2px solid #cfcfcf;\n\t\t\t}\n\t\t\t#gallery-1 .gallery-caption {\n\t\t\t\tmargin-left: 0;\n\t\t\t}\n\t\t\t\/* see gallery_shortcode() in wp-includes\/media.php *\/\n\t\t<\/style>\n\t\t<div id='gallery-1' class='gallery galleryid-8362 gallery-columns-3 gallery-size-thumbnail'><dl class='gallery-item'>\n\t\t\t<dt class='gallery-icon landscape'>\n\t\t\t\t<a href='https:\/\/prometna.net\/srednja-sola\/aktualni-dogodki\/varno-v-novo-solsko-leto\/attachment\/varne_poti-1\/'><img width=\"300\" height=\"300\" src=\"https:\/\/prometna.net\/srednja-sola\/wp-content\/uploads\/sites\/3\/2026\/09\/varne_poti-1-300x300.png\" class=\"attachment-thumbnail size-thumbnail\" alt=\"\" decoding=\"async\" loading=\"lazy\" \/><\/a>\n\t\t\t<\/dt><\/dl><dl class='gallery-item'>\n\t\t\t<dt class='gallery-icon portrait'>\n\t\t\t\t<a href='https:\/\/prometna.net\/srednja-sola\/aktualni-dogodki\/varno-v-novo-solsko-leto\/attachment\/varne_poti-3\/'><img width=\"300\" height=\"300\" src=\"https:\/\/prometna.net\/srednja-sola\/wp-content\/uploads\/sites\/3\/2026\/09\/varne_poti-3-300x300.png\" class=\"attachment-thumbnail size-thumbnail\" alt=\"\" decoding=\"async\" loading=\"lazy\" \/><\/a>\n\t\t\t<\/dt><\/dl><dl class='gallery-item'>\n\t\t\t<dt class='gallery-icon portrait'>\n\t\t\t\t<a href='https:\/\/prometna.net\/srednja-sola\/aktualni-dogodki\/varno-v-novo-solsko-leto\/attachment\/varne_poti-2\/'><img width=\"300\" height=\"300\" src=\"https:\/\/prometna.net\/srednja-sola\/wp-content\/uploads\/sites\/3\/2026\/09\/varne_poti-2-300x300.png\" class=\"attachment-thumbnail size-thumbnail\" alt=\"\" decoding=\"async\" loading=\"lazy\" \/><\/a>\n\t\t\t<\/dt><\/dl><br style=\"clear: both\" \/>\n\t\t<\/div>\n\n<\/div>\n<\/div>\n<\/div>\n<\/div>\n<\/div>\n<\/div>\n<\/div>\n<\/div>\n<\/div>\n<\/div>\n<\/div>\n<\/div>\n","protected":false},"excerpt":{"rendered":"<p>V prvih dneh novega \u0161olskega leta so tudi dijaki Srednje prometne \u0161ole Maribor poskrbeli, da je bila pot najmlaj\u0161ih udele\u017eencev [&hellip;]<\/p>\n","protected":false},"author":691,"featured_media":8365,"comment_status":"closed","ping_status":"open","sticky":false,"template":"","format":"standard","meta":[],"categories":[19,34,70,72,62,76],"tags":[],"acf":[],"aioseo_notices":[],"aioseo_head":"\n\t\t<!-- All in One SEO 4.9.9 - aioseo.com -->\n\t<meta name=\"description\" content=\"V prvih dneh novega \u0161olskega leta so tudi dijaki Srednje prometne \u0161ole Maribor poskrbeli, da je bila pot najmlaj\u0161ih udele\u017eencev v prometu \u010dim bolj varna. V sodelovanju s slovensko policijo ter Svetom za preventivo in vzgojo v cestnem prometu Mestne ob\u010dine Maribor so na\u0161i dijaki sodelovali pri varovanju prvo\u0161olcev in drugih u\u010dencev na njihovih \u0161olskih\" \/>\n\t<meta name=\"robots\" content=\"max-image-preview:large\" \/>\n\t<meta name=\"author\" content=\"Izidor Mandl\"\/>\n\t<link rel=\"canonical\" href=\"https:\/\/prometna.net\/srednja-sola\/aktualni-dogodki\/varno-v-novo-solsko-leto\/\" \/>\n\t<meta name=\"generator\" content=\"All in One SEO (AIOSEO) 4.9.9\" \/>\n\t\t<meta property=\"og:locale\" content=\"sl_SI\" \/>\n\t\t<meta property=\"og:site_name\" content=\"Srednja prometna \u0161ola Maribor - Srednja \u0161ola sedanjosti in prihodnosti.\" \/>\n\t\t<meta property=\"og:type\" content=\"article\" \/>\n\t\t<meta property=\"og:title\" content=\"Varno v novo \u0161olsko leto - Srednja prometna \u0161ola Maribor\" \/>\n\t\t<meta property=\"og:description\" content=\"V prvih dneh novega \u0161olskega leta so tudi dijaki Srednje prometne \u0161ole Maribor poskrbeli, da je bila pot najmlaj\u0161ih udele\u017eencev v prometu \u010dim bolj varna. V sodelovanju s slovensko policijo ter Svetom za preventivo in vzgojo v cestnem prometu Mestne ob\u010dine Maribor so na\u0161i dijaki sodelovali pri varovanju prvo\u0161olcev in drugih u\u010dencev na njihovih \u0161olskih\" \/>\n\t\t<meta property=\"og:url\" content=\"https:\/\/prometna.net\/srednja-sola\/aktualni-dogodki\/varno-v-novo-solsko-leto\/\" \/>\n\t\t<meta property=\"article:published_time\" content=\"2026-09-04T10:14:49+00:00\" \/>\n\t\t<meta property=\"article:modified_time\" content=\"2026-09-04T10:29:22+00:00\" \/>\n\t\t<meta name=\"twitter:card\" content=\"summary_large_image\" \/>\n\t\t<meta name=\"twitter:title\" content=\"Varno v novo \u0161olsko leto - Srednja prometna \u0161ola Maribor\" \/>\n\t\t<meta name=\"twitter:description\" content=\"V prvih dneh novega \u0161olskega leta so tudi dijaki Srednje prometne \u0161ole Maribor poskrbeli, da je bila pot najmlaj\u0161ih udele\u017eencev v prometu \u010dim bolj varna. V sodelovanju s slovensko policijo ter Svetom za preventivo in vzgojo v cestnem prometu Mestne ob\u010dine Maribor so na\u0161i dijaki sodelovali pri varovanju prvo\u0161olcev in drugih u\u010dencev na njihovih \u0161olskih\" \/>\n\t\t<script type=\"application\/ld+json\" class=\"aioseo-schema\">\n\t\t\t{\"@context\":\"https:\\\/\\\/schema.org\",\"@graph\":[{\"@type\":\"BlogPosting\",\"@id\":\"https:\\\/\\\/prometna.net\\\/srednja-sola\\\/aktualni-dogodki\\\/varno-v-novo-solsko-leto\\\/#blogposting\",\"name\":\"Varno v novo \\u0161olsko leto - Srednja prometna \\u0161ola Maribor\",\"headline\":\"Varno v novo \\u0161olsko leto\",\"author\":{\"@id\":\"https:\\\/\\\/prometna.net\\\/srednja-sola\\\/author\\\/izidor\\\/#author\"},\"publisher\":{\"@id\":\"https:\\\/\\\/prometna.net\\\/srednja-sola\\\/#organization\"},\"image\":{\"@type\":\"ImageObject\",\"url\":\"https:\\\/\\\/prometna.net\\\/srednja-sola\\\/wp-content\\\/uploads\\\/sites\\\/3\\\/2026\\\/09\\\/varne_poti-3.png\",\"width\":768,\"height\":1365},\"datePublished\":\"2026-09-04T12:14:49+02:00\",\"dateModified\":\"2026-09-04T12:29:22+02:00\",\"inLanguage\":\"sl-SI\",\"mainEntityOfPage\":{\"@id\":\"https:\\\/\\\/prometna.net\\\/srednja-sola\\\/aktualni-dogodki\\\/varno-v-novo-solsko-leto\\\/#webpage\"},\"isPartOf\":{\"@id\":\"https:\\\/\\\/prometna.net\\\/srednja-sola\\\/aktualni-dogodki\\\/varno-v-novo-solsko-leto\\\/#webpage\"},\"articleSection\":\"Aktualni dogodki, dejavnosti\\\/projekti, Logistika, Prometni kro\\u017eek, Trajnostna mobilnost, Varovanje, Sloven\\u0161\\u010dina\"},{\"@type\":\"BreadcrumbList\",\"@id\":\"https:\\\/\\\/prometna.net\\\/srednja-sola\\\/aktualni-dogodki\\\/varno-v-novo-solsko-leto\\\/#breadcrumblist\",\"itemListElement\":[{\"@type\":\"ListItem\",\"@id\":\"https:\\\/\\\/prometna.net\\\/srednja-sola#listItem\",\"position\":1,\"name\":\"Home\",\"item\":\"https:\\\/\\\/prometna.net\\\/srednja-sola\",\"nextItem\":{\"@type\":\"ListItem\",\"@id\":\"https:\\\/\\\/prometna.net\\\/srednja-sola\\\/aktualni-dogodki\\\/#listItem\",\"name\":\"Aktualni dogodki\"}},{\"@type\":\"ListItem\",\"@id\":\"https:\\\/\\\/prometna.net\\\/srednja-sola\\\/aktualni-dogodki\\\/#listItem\",\"position\":2,\"name\":\"Aktualni dogodki\",\"item\":\"https:\\\/\\\/prometna.net\\\/srednja-sola\\\/aktualni-dogodki\\\/\",\"nextItem\":{\"@type\":\"ListItem\",\"@id\":\"https:\\\/\\\/prometna.net\\\/srednja-sola\\\/aktualni-dogodki\\\/varno-v-novo-solsko-leto\\\/#listItem\",\"name\":\"Varno v novo \\u0161olsko leto\"},\"previousItem\":{\"@type\":\"ListItem\",\"@id\":\"https:\\\/\\\/prometna.net\\\/srednja-sola#listItem\",\"name\":\"Home\"}},{\"@type\":\"ListItem\",\"@id\":\"https:\\\/\\\/prometna.net\\\/srednja-sola\\\/aktualni-dogodki\\\/varno-v-novo-solsko-leto\\\/#listItem\",\"position\":3,\"name\":\"Varno v novo \\u0161olsko leto\",\"previousItem\":{\"@type\":\"ListItem\",\"@id\":\"https:\\\/\\\/prometna.net\\\/srednja-sola\\\/aktualni-dogodki\\\/#listItem\",\"name\":\"Aktualni dogodki\"}}]},{\"@type\":\"Organization\",\"@id\":\"https:\\\/\\\/prometna.net\\\/srednja-sola\\\/#organization\",\"name\":\"Srednja prometna \\u0161ola Maribor\",\"description\":\"Srednja \\u0161ola sedanjosti in prihodnosti.\",\"url\":\"https:\\\/\\\/prometna.net\\\/srednja-sola\\\/\"},{\"@type\":\"Person\",\"@id\":\"https:\\\/\\\/prometna.net\\\/srednja-sola\\\/author\\\/izidor\\\/#author\",\"url\":\"https:\\\/\\\/prometna.net\\\/srednja-sola\\\/author\\\/izidor\\\/\",\"name\":\"Izidor Mandl\",\"image\":{\"@type\":\"ImageObject\",\"@id\":\"https:\\\/\\\/prometna.net\\\/srednja-sola\\\/aktualni-dogodki\\\/varno-v-novo-solsko-leto\\\/#authorImage\",\"url\":\"https:\\\/\\\/secure.gravatar.com\\\/avatar\\\/32eb08314a816206c2c38970f7abe1af?s=96&d=mm&r=g\",\"width\":96,\"height\":96,\"caption\":\"Izidor Mandl\"}},{\"@type\":\"WebPage\",\"@id\":\"https:\\\/\\\/prometna.net\\\/srednja-sola\\\/aktualni-dogodki\\\/varno-v-novo-solsko-leto\\\/#webpage\",\"url\":\"https:\\\/\\\/prometna.net\\\/srednja-sola\\\/aktualni-dogodki\\\/varno-v-novo-solsko-leto\\\/\",\"name\":\"Varno v novo \\u0161olsko leto - Srednja prometna \\u0161ola Maribor\",\"description\":\"V prvih dneh novega \\u0161olskega leta so tudi dijaki Srednje prometne \\u0161ole Maribor poskrbeli, da je bila pot najmlaj\\u0161ih udele\\u017eencev v prometu \\u010dim bolj varna. V sodelovanju s slovensko policijo ter Svetom za preventivo in vzgojo v cestnem prometu Mestne ob\\u010dine Maribor so na\\u0161i dijaki sodelovali pri varovanju prvo\\u0161olcev in drugih u\\u010dencev na njihovih \\u0161olskih\",\"inLanguage\":\"sl-SI\",\"isPartOf\":{\"@id\":\"https:\\\/\\\/prometna.net\\\/srednja-sola\\\/#website\"},\"breadcrumb\":{\"@id\":\"https:\\\/\\\/prometna.net\\\/srednja-sola\\\/aktualni-dogodki\\\/varno-v-novo-solsko-leto\\\/#breadcrumblist\"},\"author\":{\"@id\":\"https:\\\/\\\/prometna.net\\\/srednja-sola\\\/author\\\/izidor\\\/#author\"},\"creator\":{\"@id\":\"https:\\\/\\\/prometna.net\\\/srednja-sola\\\/author\\\/izidor\\\/#author\"},\"image\":{\"@type\":\"ImageObject\",\"url\":\"https:\\\/\\\/prometna.net\\\/srednja-sola\\\/wp-content\\\/uploads\\\/sites\\\/3\\\/2026\\\/09\\\/varne_poti-3.png\",\"@id\":\"https:\\\/\\\/prometna.net\\\/srednja-sola\\\/aktualni-dogodki\\\/varno-v-novo-solsko-leto\\\/#mainImage\",\"width\":768,\"height\":1365},\"primaryImageOfPage\":{\"@id\":\"https:\\\/\\\/prometna.net\\\/srednja-sola\\\/aktualni-dogodki\\\/varno-v-novo-solsko-leto\\\/#mainImage\"},\"datePublished\":\"2026-09-04T12:14:49+02:00\",\"dateModified\":\"2026-09-04T12:29:22+02:00\"},{\"@type\":\"WebSite\",\"@id\":\"https:\\\/\\\/prometna.net\\\/srednja-sola\\\/#website\",\"url\":\"https:\\\/\\\/prometna.net\\\/srednja-sola\\\/\",\"name\":\"Srednja prometna \\u0161ola Maribor\",\"description\":\"Srednja \\u0161ola sedanjosti in prihodnosti.\",\"inLanguage\":\"sl-SI\",\"publisher\":{\"@id\":\"https:\\\/\\\/prometna.net\\\/srednja-sola\\\/#organization\"}}]}\n\t\t<\/script>\n\t\t<!-- All in One SEO -->\n\n","aioseo_head_json":{"title":"Varno v novo \u0161olsko leto - Srednja prometna \u0161ola Maribor","description":"V prvih dneh novega \u0161olskega leta so tudi dijaki Srednje prometne \u0161ole Maribor poskrbeli, da je bila pot najmlaj\u0161ih udele\u017eencev v prometu \u010dim bolj varna. V sodelovanju s slovensko policijo ter Svetom za preventivo in vzgojo v cestnem prometu Mestne ob\u010dine Maribor so na\u0161i dijaki sodelovali pri varovanju prvo\u0161olcev in drugih u\u010dencev na njihovih \u0161olskih","canonical_url":"https:\/\/prometna.net\/srednja-sola\/aktualni-dogodki\/varno-v-novo-solsko-leto\/","robots":"max-image-preview:large","keywords":"","webmasterTools":{"miscellaneous":""},"schema":{"@context":"https:\/\/schema.org","@graph":[{"@type":"BlogPosting","@id":"https:\/\/prometna.net\/srednja-sola\/aktualni-dogodki\/varno-v-novo-solsko-leto\/#blogposting","name":"Varno v novo \u0161olsko leto - Srednja prometna \u0161ola Maribor","headline":"Varno v novo \u0161olsko leto","author":{"@id":"https:\/\/prometna.net\/srednja-sola\/author\/izidor\/#author"},"publisher":{"@id":"https:\/\/prometna.net\/srednja-sola\/#organization"},"image":{"@type":"ImageObject","url":"https:\/\/prometna.net\/srednja-sola\/wp-content\/uploads\/sites\/3\/2026\/09\/varne_poti-3.png","width":768,"height":1365},"datePublished":"2026-09-04T12:14:49+02:00","dateModified":"2026-09-04T12:29:22+02:00","inLanguage":"sl-SI","mainEntityOfPage":{"@id":"https:\/\/prometna.net\/srednja-sola\/aktualni-dogodki\/varno-v-novo-solsko-leto\/#webpage"},"isPartOf":{"@id":"https:\/\/prometna.net\/srednja-sola\/aktualni-dogodki\/varno-v-novo-solsko-leto\/#webpage"},"articleSection":"Aktualni dogodki, dejavnosti\/projekti, Logistika, Prometni kro\u017eek, Trajnostna mobilnost, Varovanje, Sloven\u0161\u010dina"},{"@type":"BreadcrumbList","@id":"https:\/\/prometna.net\/srednja-sola\/aktualni-dogodki\/varno-v-novo-solsko-leto\/#breadcrumblist","itemListElement":[{"@type":"ListItem","@id":"https:\/\/prometna.net\/srednja-sola#listItem","position":1,"name":"Home","item":"https:\/\/prometna.net\/srednja-sola","nextItem":{"@type":"ListItem","@id":"https:\/\/prometna.net\/srednja-sola\/aktualni-dogodki\/#listItem","name":"Aktualni dogodki"}},{"@type":"ListItem","@id":"https:\/\/prometna.net\/srednja-sola\/aktualni-dogodki\/#listItem","position":2,"name":"Aktualni dogodki","item":"https:\/\/prometna.net\/srednja-sola\/aktualni-dogodki\/","nextItem":{"@type":"ListItem","@id":"https:\/\/prometna.net\/srednja-sola\/aktualni-dogodki\/varno-v-novo-solsko-leto\/#listItem","name":"Varno v novo \u0161olsko leto"},"previousItem":{"@type":"ListItem","@id":"https:\/\/prometna.net\/srednja-sola#listItem","name":"Home"}},{"@type":"ListItem","@id":"https:\/\/prometna.net\/srednja-sola\/aktualni-dogodki\/varno-v-novo-solsko-leto\/#listItem","position":3,"name":"Varno v novo \u0161olsko leto","previousItem":{"@type":"ListItem","@id":"https:\/\/prometna.net\/srednja-sola\/aktualni-dogodki\/#listItem","name":"Aktualni dogodki"}}]},{"@type":"Organization","@id":"https:\/\/prometna.net\/srednja-sola\/#organization","name":"Srednja prometna \u0161ola Maribor","description":"Srednja \u0161ola sedanjosti in prihodnosti.","url":"https:\/\/prometna.net\/srednja-sola\/"},{"@type":"Person","@id":"https:\/\/prometna.net\/srednja-sola\/author\/izidor\/#author","url":"https:\/\/prometna.net\/srednja-sola\/author\/izidor\/","name":"Izidor Mandl","image":{"@type":"ImageObject","@id":"https:\/\/prometna.net\/srednja-sola\/aktualni-dogodki\/varno-v-novo-solsko-leto\/#authorImage","url":"https:\/\/secure.gravatar.com\/avatar\/32eb08314a816206c2c38970f7abe1af?s=96&d=mm&r=g","width":96,"height":96,"caption":"Izidor Mandl"}},{"@type":"WebPage","@id":"https:\/\/prometna.net\/srednja-sola\/aktualni-dogodki\/varno-v-novo-solsko-leto\/#webpage","url":"https:\/\/prometna.net\/srednja-sola\/aktualni-dogodki\/varno-v-novo-solsko-leto\/","name":"Varno v novo \u0161olsko leto - Srednja prometna \u0161ola Maribor","description":"V prvih dneh novega \u0161olskega leta so tudi dijaki Srednje prometne \u0161ole Maribor poskrbeli, da je bila pot najmlaj\u0161ih udele\u017eencev v prometu \u010dim bolj varna. V sodelovanju s slovensko policijo ter Svetom za preventivo in vzgojo v cestnem prometu Mestne ob\u010dine Maribor so na\u0161i dijaki sodelovali pri varovanju prvo\u0161olcev in drugih u\u010dencev na njihovih \u0161olskih","inLanguage":"sl-SI","isPartOf":{"@id":"https:\/\/prometna.net\/srednja-sola\/#website"},"breadcrumb":{"@id":"https:\/\/prometna.net\/srednja-sola\/aktualni-dogodki\/varno-v-novo-solsko-leto\/#breadcrumblist"},"author":{"@id":"https:\/\/prometna.net\/srednja-sola\/author\/izidor\/#author"},"creator":{"@id":"https:\/\/prometna.net\/srednja-sola\/author\/izidor\/#author"},"image":{"@type":"ImageObject","url":"https:\/\/prometna.net\/srednja-sola\/wp-content\/uploads\/sites\/3\/2026\/09\/varne_poti-3.png","@id":"https:\/\/prometna.net\/srednja-sola\/aktualni-dogodki\/varno-v-novo-solsko-leto\/#mainImage","width":768,"height":1365},"primaryImageOfPage":{"@id":"https:\/\/prometna.net\/srednja-sola\/aktualni-dogodki\/varno-v-novo-solsko-leto\/#mainImage"},"datePublished":"2026-09-04T12:14:49+02:00","dateModified":"2026-09-04T12:29:22+02:00"},{"@type":"WebSite","@id":"https:\/\/prometna.net\/srednja-sola\/#website","url":"https:\/\/prometna.net\/srednja-sola\/","name":"Srednja prometna \u0161ola Maribor","description":"Srednja \u0161ola sedanjosti in prihodnosti.","inLanguage":"sl-SI","publisher":{"@id":"https:\/\/prometna.net\/srednja-sola\/#organization"}}]},"og:locale":"sl_SI","og:site_name":"Srednja prometna \u0161ola Maribor - Srednja \u0161ola sedanjosti in prihodnosti.","og:type":"article","og:title":"Varno v novo \u0161olsko leto - Srednja prometna \u0161ola Maribor","og:description":"V prvih dneh novega \u0161olskega leta so tudi dijaki Srednje prometne \u0161ole Maribor poskrbeli, da je bila pot najmlaj\u0161ih udele\u017eencev v prometu \u010dim bolj varna. V sodelovanju s slovensko policijo ter Svetom za preventivo in vzgojo v cestnem prometu Mestne ob\u010dine Maribor so na\u0161i dijaki sodelovali pri varovanju prvo\u0161olcev in drugih u\u010dencev na njihovih \u0161olskih","og:url":"https:\/\/prometna.net\/srednja-sola\/aktualni-dogodki\/varno-v-novo-solsko-leto\/","article:published_time":"2026-09-04T10:14:49+00:00","article:modified_time":"2026-09-04T10:29:22+00:00","twitter:card":"summary_large_image","twitter:title":"Varno v novo \u0161olsko leto - Srednja prometna \u0161ola Maribor","twitter:description":"V prvih dneh novega \u0161olskega leta so tudi dijaki Srednje prometne \u0161ole Maribor poskrbeli, da je bila pot najmlaj\u0161ih udele\u017eencev v prometu \u010dim bolj varna. V sodelovanju s slovensko policijo ter Svetom za preventivo in vzgojo v cestnem prometu Mestne ob\u010dine Maribor so na\u0161i dijaki sodelovali pri varovanju prvo\u0161olcev in drugih u\u010dencev na njihovih \u0161olskih"},"aioseo_meta_data":{"post_id":"8362","title":null,"description":null,"keywords":null,"keyphrases":{"focus":{"keyphrase":"","score":0,"analysis":{"keyphraseInTitle":{"score":0,"maxScore":9,"error":1}}},"additional":[]},"primary_term":null,"canonical_url":null,"og_title":null,"og_description":null,"og_object_type":"default","og_image_type":"default","og_image_url":null,"og_image_width":null,"og_image_height":null,"og_image_custom_url":null,"og_image_custom_fields":null,"og_video":"","og_custom_url":null,"og_article_section":null,"og_article_tags":null,"twitter_use_og":false,"twitter_card":"default","twitter_image_type":"default","twitter_image_url":null,"twitter_image_custom_url":null,"twitter_image_custom_fields":null,"twitter_title":null,"twitter_description":null,"schema":{"blockGraphs":[],"customGraphs":[],"default":{"data":{"Article":[],"Course":[],"Dataset":[],"FAQPage":[],"Movie":[],"Person":[],"Product":[],"ProductReview":[],"Car":[],"Recipe":[],"Service":[],"SoftwareApplication":[],"WebPage":[]},"graphName":"BlogPosting","isEnabled":true},"graphs":[]},"schema_type":"default","schema_type_options":null,"pillar_content":false,"robots_default":true,"robots_noindex":false,"robots_noarchive":false,"robots_nosnippet":false,"robots_nofollow":false,"robots_noimageindex":false,"robots_noodp":false,"robots_notranslate":false,"robots_max_snippet":"-1","robots_max_videopreview":"-1","robots_max_imagepreview":"large","priority":null,"frequency":"default","local_seo":null,"breadcrumb_settings":null,"limit_modified_date":false,"ai":{"faqs":[],"keyPoints":[],"schemas":[],"titles":[],"descriptions":[],"socialPosts":{"email":{"subject":"","preview":"","content":""},"linkedin":[],"twitter":[],"facebook":[],"instagram":[]}},"created":"2026-09-04 10:11:35","updated":"2026-09-04 10:29:23","seo_analyzer_scan_date":null},"aioseo_breadcrumb":"<div class=\"aioseo-breadcrumbs\"><span class=\"aioseo-breadcrumb\">\n\t\t\t<a href=\"https:\/\/prometna.net\/srednja-sola\" title=\"Home\">Home<\/a>\n\t\t<\/span><span class=\"aioseo-breadcrumb-separator\">&raquo;<\/span><span class=\"aioseo-breadcrumb\">\n\t\t\t<a href=\"https:\/\/prometna.net\/srednja-sola\/aktualni-dogodki\/\" title=\"Aktualni dogodki\">Aktualni dogodki<\/a>\n\t\t<\/span><span class=\"aioseo-breadcrumb-separator\">&raquo;<\/span><span class=\"aioseo-breadcrumb\">\n\t\t\tVarno v novo \u0161olsko leto\n\t\t<\/span><\/div>","aioseo_breadcrumb_json":[{"label":"Home","link":"https:\/\/prometna.net\/srednja-sola"},{"label":"Aktualni dogodki","link":"https:\/\/prometna.net\/srednja-sola\/aktualni-dogodki\/"},{"label":"Varno v novo \u0161olsko leto","link":"https:\/\/prometna.net\/srednja-sola\/aktualni-dogodki\/varno-v-novo-solsko-leto\/"}],"_links":{"self":[{"href":"https:\/\/prometna.net\/srednja-sola\/wp-json\/wp\/v2\/posts\/8362"}],"collection":[{"href":"https:\/\/prometna.net\/srednja-sola\/wp-json\/wp\/v2\/posts"}],"about":[{"href":"https:\/\/prometna.net\/srednja-sola\/wp-json\/wp\/v2\/types\/post"}],"author":[{"embeddable":true,"href":"https:\/\/prometna.net\/srednja-sola\/wp-json\/wp\/v2\/users\/691"}],"replies":[{"embeddable":true,"href":"https:\/\/prometna.net\/srednja-sola\/wp-json\/wp\/v2\/comments?post=8362"}],"version-history":[{"count":1,"href":"https:\/\/prometna.net\/srednja-sola\/wp-json\/wp\/v2\/posts\/8362\/revisions"}],"predecessor-version":[{"id":8366,"href":"https:\/\/prometna.net\/srednja-sola\/wp-json\/wp\/v2\/posts\/8362\/revisions\/8366"}],"wp:featuredmedia":[{"embeddable":true,"href":"https:\/\/prometna.net\/srednja-sola\/wp-json\/wp\/v2\/media\/8365"}],"wp:attachment":[{"href":"https:\/\/prometna.net\/srednja-sola\/wp-json\/wp\/v2\/media?parent=8362"}],"wp:term":[{"taxonomy":"category","embeddable":true,"href":"https:\/\/prometna.net\/srednja-sola\/wp-json\/wp\/v2\/categories?post=8362"},{"taxonomy":"post_tag","embeddable":true,"href":"https:\/\/prometna.net\/srednja-sola\/wp-json\/wp\/v2\/tags?post=8362"}],"curies":[{"name":"wp","href":"https:\/\/api.w.org\/{rel}","templated":true}]}}