{"id":12693,"date":"2026-02-20T12:02:58","date_gmt":"2026-02-20T11:02:58","guid":{"rendered":"https:\/\/prometna.net\/visja-sola\/?p=12693"},"modified":"2026-02-20T12:02:58","modified_gmt":"2026-02-20T11:02:58","slug":"od-23-02-do-vkljucno-27-02-2026-je-referat-za-studijske-zadeve-zaprt","status":"publish","type":"post","link":"https:\/\/prometna.net\/visja-sola\/obvestila-za-studente\/od-23-02-do-vkljucno-27-02-2026-je-referat-za-studijske-zadeve-zaprt\/","title":{"rendered":"Od 23. 02. do vklju\u010dno 27. 02. 2026 je referat za \u0161tudijske zadeve zaprt"},"content":{"rendered":"<p>Od 23. 02. do vklju\u010dno 27. 02. 2026 je referat za \u0161tudijske zadeve zaprt (ni uradnih ur).<\/p>\n<p>\u017delimo vam lepe po\u010ditnice.<\/p>\n<p>Referat VS\u0160 L.I.V.E.<\/p>\n","protected":false},"excerpt":{"rendered":"<p>Od 23. 02. do vklju\u010dno 27. 02. 2026 je referat za \u0161tudijske zadeve zaprt (ni uradnih ur). \u017delimo vam lepe [&hellip;]<\/p>\n","protected":false},"author":8,"featured_media":0,"comment_status":"closed","ping_status":"open","sticky":false,"template":"","format":"standard","meta":[],"categories":[10],"tags":[],"aioseo_notices":[],"_links":{"self":[{"href":"https:\/\/prometna.net\/visja-sola\/wp-json\/wp\/v2\/posts\/12693"}],"collection":[{"href":"https:\/\/prometna.net\/visja-sola\/wp-json\/wp\/v2\/posts"}],"about":[{"href":"https:\/\/prometna.net\/visja-sola\/wp-json\/wp\/v2\/types\/post"}],"author":[{"embeddable":true,"href":"https:\/\/prometna.net\/visja-sola\/wp-json\/wp\/v2\/users\/8"}],"replies":[{"embeddable":true,"href":"https:\/\/prometna.net\/visja-sola\/wp-json\/wp\/v2\/comments?post=12693"}],"version-history":[{"count":1,"href":"https:\/\/prometna.net\/visja-sola\/wp-json\/wp\/v2\/posts\/12693\/revisions"}],"predecessor-version":[{"id":12694,"href":"https:\/\/prometna.net\/visja-sola\/wp-json\/wp\/v2\/posts\/12693\/revisions\/12694"}],"wp:attachment":[{"href":"https:\/\/prometna.net\/visja-sola\/wp-json\/wp\/v2\/media?parent=12693"}],"wp:term":[{"taxonomy":"category","embeddable":true,"href":"https:\/\/prometna.net\/visja-sola\/wp-json\/wp\/v2\/categories?post=12693"},{"taxonomy":"post_tag","embeddable":true,"href":"https:\/\/prometna.net\/visja-sola\/wp-json\/wp\/v2\/tags?post=12693"}],"curies":[{"name":"wp","href":"https:\/\/api.w.org\/{rel}","templated":true}]}}