{"id":12744,"date":"2026-04-01T12:28:21","date_gmt":"2026-04-01T10:28:21","guid":{"rendered":"https:\/\/prometna.net\/visja-sola\/?p=12744"},"modified":"2026-04-01T12:28:21","modified_gmt":"2026-04-01T10:28:21","slug":"studentrix-sodelovanje-s-podjetjem-intera-2","status":"publish","type":"post","link":"https:\/\/prometna.net\/visja-sola\/aktualni-dogodki\/studentrix-sodelovanje-s-podjetjem-intera-2\/","title":{"rendered":"\u0160TUDENTRIX &#8211; sodelovanje s podjetjem Intera"},"content":{"rendered":"<div class=\"x_elementToProof\" data-olk-copy-source=\"MessageBody\">V sodelovanju s podjetjem Intera organiziramo izobra\u017eevanje \u0160TUDENTRIX, ki je namenjeno \u0161tudentom ekonomskih, ra\u010dunalni\u0161kih in ostalih smeri.<\/div>\n<div class=\"x_elementToProof\" data-olk-copy-source=\"MessageBody\">Namenjeno je vsem, ki \u017eelijo pridobiti znanja s podro\u010dja sodobnih poslovnih re\u0161itev, kot so CRM, projektno vodenje in HRM sistemi.<\/div>\n<div class=\"x_elementToProof\" data-olk-copy-source=\"MessageBody\">Izobra\u017eevanje bo potekalo <strong>9. 4. 2026 <\/strong>od<strong> 9:00 <\/strong>do<strong> 13:30<\/strong> na Vi\u0161ji strokovni \u0161oli L.I.V.E. v okviru Podjetni\u0161kega inkubatorja.<\/div>\n<div class=\"x_elementToProof\" data-olk-copy-source=\"MessageBody\">Po uspe\u0161nem zaklju\u010dku boste prejeli certifikat o poznavanju poslovnih procesov in dela z Intrix sistemi.<\/div>\n<div class=\"x_elementToProof\"><\/div>\n<div class=\"x_elementToProof\">Povezava za prijavo:<\/div>\n<div class=\"x_elementToProof\"><a href=\"https:\/\/forms.cloud.microsoft\/e\/UYa6VzfTA8?origin=lprLink\" target=\"_blank\" rel=\"noopener\">Prijava na izobra\u017eevanje program \u0160tudentrix (Intera) \u2013 Izpolnite obrazec<\/a><\/div>\n<p>&nbsp;<\/p>\n<div class=\"x_elementToProof\"><\/div>\n","protected":false},"excerpt":{"rendered":"<p>V sodelovanju s podjetjem Intera organiziramo izobra\u017eevanje \u0160TUDENTRIX, ki je namenjeno \u0161tudentom ekonomskih, ra\u010dunalni\u0161kih in ostalih smeri. Namenjeno je vsem, [&hellip;]<\/p>\n","protected":false},"author":11,"featured_media":12561,"comment_status":"closed","ping_status":"open","sticky":false,"template":"","format":"standard","meta":[],"categories":[8,27,25,10],"tags":[],"aioseo_notices":[],"_links":{"self":[{"href":"https:\/\/prometna.net\/visja-sola\/wp-json\/wp\/v2\/posts\/12744"}],"collection":[{"href":"https:\/\/prometna.net\/visja-sola\/wp-json\/wp\/v2\/posts"}],"about":[{"href":"https:\/\/prometna.net\/visja-sola\/wp-json\/wp\/v2\/types\/post"}],"author":[{"embeddable":true,"href":"https:\/\/prometna.net\/visja-sola\/wp-json\/wp\/v2\/users\/11"}],"replies":[{"embeddable":true,"href":"https:\/\/prometna.net\/visja-sola\/wp-json\/wp\/v2\/comments?post=12744"}],"version-history":[{"count":1,"href":"https:\/\/prometna.net\/visja-sola\/wp-json\/wp\/v2\/posts\/12744\/revisions"}],"predecessor-version":[{"id":12745,"href":"https:\/\/prometna.net\/visja-sola\/wp-json\/wp\/v2\/posts\/12744\/revisions\/12745"}],"wp:featuredmedia":[{"embeddable":true,"href":"https:\/\/prometna.net\/visja-sola\/wp-json\/wp\/v2\/media\/12561"}],"wp:attachment":[{"href":"https:\/\/prometna.net\/visja-sola\/wp-json\/wp\/v2\/media?parent=12744"}],"wp:term":[{"taxonomy":"category","embeddable":true,"href":"https:\/\/prometna.net\/visja-sola\/wp-json\/wp\/v2\/categories?post=12744"},{"taxonomy":"post_tag","embeddable":true,"href":"https:\/\/prometna.net\/visja-sola\/wp-json\/wp\/v2\/tags?post=12744"}],"curies":[{"name":"wp","href":"https:\/\/api.w.org\/{rel}","templated":true}]}}